{"id":29007,"date":"2020-05-29T15:17:40","date_gmt":"2020-05-29T13:17:40","guid":{"rendered":"http:\/\/www.simpleplan.cz\/cz\/?p=29007"},"modified":"2023-06-26T07:04:22","modified_gmt":"2023-06-26T05:04:22","slug":"pierre-novem-albu-simple-plan-mozna-vydaji-nejaky-novy-material-jiz-brzy","status":"publish","type":"post","link":"https:\/\/www.simpleplan.cz\/cz\/index.php\/pierre-novem-albu-simple-plan-mozna-vydaji-nejaky-novy-material-jiz-brzy\/","title":{"rendered":"Pierre o nov\u00e9m albu: Simple Plan mo\u017en\u00e1 vydaj\u00ed n\u011bjak\u00fd nov\u00fd materi\u00e1l &#8222;ji\u017e brzy&#8220;"},"content":{"rendered":"<p><center><img decoding=\"async\" src=\"http:\/\/www.simpleplan.cz\/en\/wp-content\/uploads\/191.jpg\"\/><\/center><\/p>\n<p>Je to jen n\u011bkolik dn\u00ed, co se <i>Nick Major z Idobi r\u00e1dia<\/i> p\u0159es videohovor spojil s Pierrem Bouvierem ze Simple Plan, kde spole\u010dn\u011b <b>probrali t\u00e9ma nov\u00e9ho \u00fasp\u011bchu songu &#8218;I&#8217;m Just A Kid&#8216;, kter\u00fd se stal vir\u00e1ln\u00edm na s\u00edti TikTok a samoz\u0159ejm\u011b nemohla chyb\u011bt ani debata o nadch\u00e1zej\u00edc\u00edm \u0161est\u00e9m albu Simple Plan.<\/b><\/p>\n<p>V rozhovoru <b>Pierre potvrdil, \u017ee album je hotov\u00e9 a kapela se v sou\u010dasn\u00e9 dob\u011b sna\u017e\u00ed p\u0159ij\u00edt na zp\u016fsob, jak\u00fdm jej v sou\u010dasn\u00e9 situaci vydat<\/b>. Krom\u011b faktu, \u017ee nemohou album v sou\u010dasn\u00e9 chv\u00edli propagovat na turn\u00e9, brzd\u00ed vyd\u00e1n\u00ed alba tak\u00e9 fakt, \u017ee <b>Simple Plan jsou pr\u00e1v\u011b v procesu z\u00edsk\u00e1n\u00ed nov\u00e9 nahr\u00e1vac\u00ed smlouvy s novou spole\u010dnost\u00ed<\/b>. Jakmile ale bude smlouva podepsan\u00e1, <b>kluci budou muset je\u0161t\u011b p\u0159ij\u00edt na to, jak p\u0159esn\u011b album vydaj\u00ed<\/b>. N\u00ed\u017ee si v \u010desk\u00e9m p\u0159ekladu m\u016f\u017eete p\u0159e\u010d\u00edst, co o vyd\u00e1n\u00ed alba Pierre prozradil: <\/p>\n<div class=\"quote\"><i><b>Nick: Pozdr\u017eujete vyd\u00e1n\u00ed alba do t\u00e9 doby, ne\u017e budete op\u011bt moci koncertovat?<\/b><\/p>\n<p>Pierre: U\u017e jsme tak trochu prob\u00edrali, co budeme d\u011blat&#8230; Mluvili jsme o tom pozdr\u017eet na chv\u00edli vyd\u00e1n\u00ed alba, tak\u00e9 jsme mluvili o tom, \u017ee jej ale nem\u016f\u017eeme pozdr\u017eovat do nekone\u010dna, proto\u017ee nev\u00edme, jak dlouho tato situace bude trvat, tak\u017ee v tuto chv\u00edli se p\u0159edev\u0161\u00edm soust\u0159ed\u00edme na to, abychom si ujasnili, jak to album chceme vydat. <b><font color=\"#9686e7\">Nav\u00edc jsme te\u010f uprost\u0159ed vyjedn\u00e1v\u00e1n\u00ed a z\u00edsk\u00e1n\u00ed nov\u00e9 nahr\u00e1vac\u00ed smlouvy, tak\u017ee to nen\u00ed \u00fapln\u011b tak, \u017ee bychom to schv\u00e1ln\u011b zdr\u017eovali, ale sna\u017e\u00edme se to tak\u00e9 trochu napl\u00e1novat a zjistit, co bude nejlep\u0161\u00ed. Jestli album t\u0159eba vydat cel\u00e9?<\/font><\/b> Nebo jej rozd\u011blit do n\u011bkolika EP? V\u00ed\u0161, je to tak, \u017ee je v dne\u0161n\u00ed dob\u011b tolik zp\u016fsob\u016f, jak\u00fdmi m\u016f\u017ee kapela vydat desku. M\u016f\u017ee\u0161 t\u0159eba vydat ka\u017ed\u00fd t\u00fdden jeden song, m\u016f\u017ee\u0161 jich vydat 12 nar\u00e1z&#8230; tak\u017ee si to sp\u00ed\u0161 pot\u0159ebujeme v\u0161ichni ujasnit.<\/i><\/div>\n<p>Do t\u00e9 doby, ne\u017e album ale vyjde, kluci samoz\u0159ejm\u011b nepl\u00e1nuj\u00ed lelkovat a jejich c\u00edlem je z\u016fstat aktivn\u00ed na soci\u00e1ln\u00edch s\u00edt\u00edch &#8211; <b>podle Pierra m\u00e1 kapela nap\u0159\u00edklad v pl\u00e1nu n\u011bkolik online vystoupen\u00ed<\/b>, n\u011bjak\u00e9 rozhovory a tak\u00e9 by cht\u011bli pokra\u010dovat v rekonstrukci sv\u00fdch vlastn\u00edch star\u00fdch sn\u00edmk\u016f na TiKToku a udr\u017eovat tak sv\u016fj trend na\u017eivu.<\/p>\n<p>Ale co takhle vydat dop\u0159edu n\u011bjak\u00fd single? <b>Je mo\u017en\u00e9, \u017ee bychom se p\u0159ed vyd\u00e1n\u00edm desky do\u010dkali n\u011bjak\u00e9 nov\u00e9 muziky? Podle Pierra: ANO!<\/b> A mo\u017en\u00e1 tak\u00e9 <b>&#8222;celkem brzy&#8220;<\/b>!<\/p>\n<div class=\"quote\"><i><b>Nick: To je super.. a s t\u00edm, co se te\u010f d\u011bje na TikToku, by nebylo v\u016fbec od v\u011bci toho vyu\u017e\u00edt a vydat n\u011bjak\u00fd nov\u00fd song..<\/b><\/p>\n<p>Pierre: Jo, to by rozhodn\u011b nebylo v\u016fbec \u0161patn\u00fd na\u010dasov\u00e1n\u00ed. A mysl\u00edm si&#8230; a jako my jsme se o tom \u00fapln\u011b je\u0161t\u011b nebavili a jsem si jist\u00fd, \u017ee a\u017e Chuck tento rozhovor usly\u0161\u00ed, tak mi hned nap\u00ed\u0161e: &#8218;K\u00e1mo, dr\u017e hubu!&#8216; Ale prost\u011b <b><font color=\"#9686e7\">si mysl\u00edm, \u017ee n\u011bco rozhodn\u011b vyd\u00e1me ji\u017e velmi brzy. Nechceme zase vy\u010dk\u00e1vat tak dlouho a ano, bylo by fajn, kdyby n\u00e1s to tiktokov\u00e9 momentum podpo\u0159ilo. A taky prost\u011b&#8230; u\u017e je fakt na \u010dase, v\u00ed\u0161? Je to dlouho, co jsme naposledy n\u011bco vydali a nechceme na t\u011bchto p\u00edsn\u00edch jen tak sed\u011bt.<\/font><\/b> Chceme, aby je lid\u00e9 sly\u0161eli, kdy\u017e jsou \u010derstv\u00e9 a sly\u0161eli, jak jsou super. <\/i><\/div>\n<p>A v posledn\u00ed citaci, kterou jsme se rozhodli v\u00e1m z rozhovoru p\u0159edstavit, <b>Pierre vyj\u00e1d\u0159il sv\u00e9 nad\u0161en\u00ed z nov\u00fdch p\u00edsn\u00ed Simple Plan a vysv\u011btlil, \u017ee se jedn\u00e1 o desku, do kter\u00e9 ze v\u0161ech desek SP dal nejv\u00edc s\u00e1m sebe<\/b>, obzvl\u00e1\u0161\u0165 vzhledem k tomu, \u017ee je to tak\u00e9 prvn\u00ed deska SP, kterou co-produkoval (spole\u010dn\u011b se Zakkem Cervini, Brianem Howesem a JVP). P\u0159e\u010dt\u011bte si, jak nov\u00e9 album vid\u00ed Pierre:<\/p>\n<div class=\"quote\"><i><b>Nick: \u0160est\u00e9 album, k\u00e1mo! Tak\u017ee, jak jste na tom, vy perfekcionisti: jste s t\u00edm, co jste vytvo\u0159ili spokojen\u00ed? Dosahuje standardu Simple Plan?<\/b><\/i><\/p>\n<p><i>Pierre: Tohle je pro m\u011b <b><font color=\"#9686e7\">jedno z alb, na kter\u00e9 jsem skute\u010dn\u011b nejv\u00edc py\u0161n\u00fd.<\/font><\/b>. Proto\u017ee&#8230; j\u00e1 jsem tedy zapojen do ka\u017ed\u00e9ho alba. Samoz\u0159ejm\u011b, proto\u017ee jsem jedn\u00edm z hlavn\u00edch skladatel\u016f na\u0161\u00ed kapely a od druh\u00e9ho alba, co\u017e bylo Still Not Getting Any v roce 2004, jsem tak\u00e9 vytv\u00e1\u0159el na\u0161e dema. Tak\u017ee s Chuckem n\u011bco slo\u017e\u00edme, n\u011bkdy k tomu zapoj\u00edme i n\u011bkolik extern\u00edch skladatel\u016f&#8230; Ale j\u00e1 pak 99 % na\u0161ich p\u00edsn\u00ed skl\u00e1d\u00e1m dohromady, vytv\u00e1\u0159\u00edm jejich prototyp, d\u00e1v\u00e1m je na sv\u00e9m po\u010d\u00edta\u010di dohromady tak, jak chci aby ve fin\u00e1le zn\u011bly. A pak ten v\u00fdsledek p\u0159edstav\u00edm ostatn\u00edm a spole\u010dn\u011b jak pak jako kapela v\u0161ichni nahrajeme. Tak\u017ee pro tohle album jsem toho ud\u011blal s\u00e1m mnohem v\u00edc, ne\u017e d\u0159\u00edv &#8211; d\u00edky tomu je na albu hodn\u011b m\u00e9 vlastn\u00ed produkce, jsem tak\u00e9 jedn\u00edm z producent\u016f na tomto albu a p\u0159ijde mi, \u017ee jako \u010dlov\u011bk, jako muzikant a jako producent se mi poda\u0159ilo dostat do bodu, kdy tohle d\u011bl\u00e1m u\u017e tak dlouho, \u017ee mi p\u0159ijde, \u017ee u\u017e jsem si opravdu jist\u00fd v kramflec\u00edch. Ne, \u017ee bych v tom byl nejlep\u0161\u00ed, ale&#8230; prost\u011b mi to jde. <\/i><\/p>\n<p><i>A opravdu mi p\u0159ijde, \u017ee jsem do toho alba dal hodn\u011b ze sebe. <b><font color=\"#9686e7\">Vlo\u017eil jsem do tohoto alba opravdu hodn\u011b a mysl\u00edm si, \u017ee jsem na v\u00fdsledek opravdu py\u0161n\u00fd a mysl\u00edm si, \u017ee to zn\u00ed skv\u011ble.<\/font><\/b> Ty p\u00edsn\u011b jsou \u00fa\u017easn\u00e9, stejn\u011b tak i jejich texty a mysl\u00edm si, \u017ee co se t\u00fd\u010de fanou\u0161k\u016f&#8230; <b><font color=\"#9686e7\">je tam alespo\u0148 \u010dty\u0159i nebo p\u011bt, mo\u017en\u00e1 \u0161est p\u00edsn\u00ed, ze kter\u00fdm na\u0161im fanou\u0161k\u016fm spadne brada<\/font><\/b>. Jako, mysl\u00edm si, \u017ee z toho budou opravdu nad\u0161en\u00ed. A to je v\u017edycky velk\u00e1 v\u00fdzva, proto\u017ee jako kapela v pop-punkov\u00e9 \u00e9\u0159e, chce\u0161 prost\u011b&#8230; j\u00e1 miluju pop punkovou hudbu, v\u017edycky to tak bylo. Kdy\u017e vyjde n\u011bjak\u00e1 super pop-punkov\u00e1 p\u00edse\u0148 a je skv\u011bl\u00e1, tak je to fakt m\u016fj nejobl\u00edben\u011bj\u0161\u00ed \u017e\u00e1nr. Ale z\u00e1rove\u0148 jsme to cht\u011bli trochu o\u017eivit. Nechci poka\u017ed\u00e9 nahr\u00e1vat tu samou desku po\u0159\u00e1d dokola, tak\u017ee se v\u017edycky sna\u017e\u00edme d\u011blat nov\u00e9 v\u011bci. A to samoz\u0159ejm\u011b nemus\u00ed v\u017edycky vyj\u00edt, ale z\u00e1rove\u0148 to m\u016f\u017ee dopadnou \u00fapln\u011b senza\u010dn\u011b! A j\u00e1 si mysl\u00edm, \u017ee jsme se na tomto albu trefili p\u0159\u00edmo do \u010dern\u00e9ho co se t\u00fd\u010de toho pop-punku, kte\u0159\u00ed od n\u00e1s fanou\u0161ci o\u010dek\u00e1vaj\u00ed. A pak jsme tak\u00e9 nahr\u00e1li n\u011bkolik skladeb, kter\u00e9 jsou tro\u0161ku jin\u00e9, ale v tom nejlep\u0161\u00edm slova smyslu. Nemysl\u00edm to tak, \u017ee bychom do toho dali n\u011bjak\u00fd podivn\u00fd styl popu, ale rozhodn\u011b se na tomto albu sna\u017e\u00edme trochu bo\u0159it hranice mysl\u00edm si, \u017ee se to bude na\u0161im fanou\u0161k\u016fm l\u00edbit. <\/i><\/p>\n<p><i>A ano, stoj\u00edm si za touto deskou na 100 %. Mysl\u00edm si, \u017ee na n\u00ed m\u00e1me p\u00edsn\u011b s jedn\u011bmi z nejlep\u0161\u00edch a nejup\u0159\u00edmn\u011bj\u0161\u00edch text\u016f, kter\u00e9 jsme kdy slo\u017eili. A co se t\u00fd\u010de produkce: Zakk Cervini n\u00e1m zmixoval v\u011bt\u0161inu alba. A tak\u00e9 jednu p\u00edse\u0148 s\u00e1m produkoval. A pak j\u00e1 a Jay [note: Jason &#8218;JVP&#8216; Van Poederooyen] jsme co-produkovali n\u011bkolik dal\u0161\u00edch song\u016f a podle m\u011b to cel\u00e9 dalo dohromady jednu z na\u0161ich nejlep\u0161\u00edch desek.<\/i><\/div>\n<p>Pokud m\u00e1te z\u00e1jem, <b>cel\u00fd Nick\u016fv rozhovor s Pierrem m\u016f\u017eete shl\u00e9dnout zde<\/b>:<\/p>\n<p><center><iframe width=\"560\" height=\"315\" src=\"https:\/\/www.youtube.com\/embed\/05-w3RV90SM\" frameborder=\"0\" allow=\"accelerometer; autoplay; encrypted-media; gyroscope; picture-in-picture\" allowfullscreen><\/iframe><\/center><\/p>\n<div class=\"fblikebutton_button\" style=\"float: left; padding-top: 20px; margin-right: 20px; padding-bottom: 20px; padding-left: 20px;\"><iframe src=\"http:\/\/www.facebook.com\/plugins\/like.php?href=https%3A%2F%2Fwww.simpleplan.cz%2Fcz%2Findex.php%2Fpierre-novem-albu-simple-plan-mozna-vydaji-nejaky-novy-material-jiz-brzy%2F&amp;layout=standard&amp;show-faces=false&amp;width=450&amp;action=like&amp;colorscheme=light\" scrolling=\"no\" frameborder=\"0\" allowTransparency=\"true\" style=\"border:none; overflow:hidden; width:450px; height:26px\"><\/iframe><\/div>\n","protected":false},"excerpt":{"rendered":"<p>Je to jen n\u011bkolik dn\u00ed, co se Nick Major z Idobi r\u00e1dia p\u0159es videohovor spojil<\/p>\n","protected":false},"author":5,"featured_media":28800,"comment_status":"open","ping_status":"open","sticky":false,"template":"","format":"standard","meta":{"footnotes":"","fifu_image_url":"","fifu_image_alt":""},"categories":[2277,5,38,19,27],"tags":[],"yoast_head":"<!-- This site is optimized with the Yoast SEO plugin v20.9 - https:\/\/yoast.com\/wordpress\/plugins\/seo\/ -->\n<title>Pierre o nov\u00e9m albu: Simple Plan mo\u017en\u00e1 vydaj\u00ed n\u011bjak\u00fd nov\u00fd materi\u00e1l &quot;ji\u017e brzy&quot; | CZ: SimplePlan.cz<\/title>\n<meta name=\"robots\" content=\"index, follow, max-snippet:-1, max-image-preview:large, max-video-preview:-1\" \/>\n<link rel=\"canonical\" href=\"https:\/\/www.simpleplan.cz\/cz\/index.php\/pierre-novem-albu-simple-plan-mozna-vydaji-nejaky-novy-material-jiz-brzy\/\" \/>\n<meta property=\"og:locale\" content=\"cs_CZ\" \/>\n<meta property=\"og:type\" content=\"article\" \/>\n<meta property=\"og:title\" content=\"Pierre o nov\u00e9m albu: Simple Plan mo\u017en\u00e1 vydaj\u00ed n\u011bjak\u00fd nov\u00fd materi\u00e1l &quot;ji\u017e brzy&quot; | CZ: SimplePlan.cz\" \/>\n<meta property=\"og:description\" content=\"Je to jen n\u011bkolik dn\u00ed, co se Nick Major z Idobi r\u00e1dia p\u0159es videohovor spojil\" \/>\n<meta property=\"og:url\" content=\"https:\/\/www.simpleplan.cz\/cz\/index.php\/pierre-novem-albu-simple-plan-mozna-vydaji-nejaky-novy-material-jiz-brzy\/\" \/>\n<meta property=\"og:site_name\" content=\"CZ: SimplePlan.cz\" \/>\n<meta property=\"article:publisher\" content=\"http:\/\/www.facebook.com\/simpleplancz\" \/>\n<meta property=\"article:published_time\" content=\"2020-05-29T13:17:40+00:00\" \/>\n<meta property=\"article:modified_time\" content=\"2023-06-26T05:04:22+00:00\" \/>\n<meta property=\"og:image\" content=\"https:\/\/www.simpleplan.cz\/cz\/wp-content\/uploads\/191.jpg\" \/>\n\t<meta property=\"og:image:width\" content=\"670\" \/>\n\t<meta property=\"og:image:height\" content=\"300\" \/>\n\t<meta property=\"og:image:type\" content=\"image\/jpeg\" \/>\n<meta name=\"author\" content=\"Dominika\" \/>\n<meta name=\"twitter:card\" content=\"summary_large_image\" \/>\n<meta name=\"twitter:creator\" content=\"@simpleplancz\" \/>\n<meta name=\"twitter:site\" content=\"@simpleplancz\" \/>\n<meta name=\"twitter:label1\" content=\"Napsal(a)\" \/>\n\t<meta name=\"twitter:data1\" content=\"Dominika\" \/>\n\t<meta name=\"twitter:label2\" content=\"Odhadovan\u00e1 doba \u010dten\u00ed\" \/>\n\t<meta name=\"twitter:data2\" content=\"7 minut\" \/>\n<script type=\"application\/ld+json\" class=\"yoast-schema-graph\">{\"@context\":\"https:\/\/schema.org\",\"@graph\":[{\"@type\":\"Article\",\"@id\":\"https:\/\/www.simpleplan.cz\/cz\/index.php\/pierre-novem-albu-simple-plan-mozna-vydaji-nejaky-novy-material-jiz-brzy\/#article\",\"isPartOf\":{\"@id\":\"https:\/\/www.simpleplan.cz\/cz\/index.php\/pierre-novem-albu-simple-plan-mozna-vydaji-nejaky-novy-material-jiz-brzy\/\"},\"author\":{\"name\":\"Dominika\",\"@id\":\"https:\/\/www.simpleplan.cz\/cz\/#\/schema\/person\/bb90dd25f4baab7793fc73ab0b783730\"},\"headline\":\"Pierre o nov\u00e9m albu: Simple Plan mo\u017en\u00e1 vydaj\u00ed n\u011bjak\u00fd nov\u00fd materi\u00e1l &#8222;ji\u017e brzy&#8220;\",\"datePublished\":\"2020-05-29T13:17:40+00:00\",\"dateModified\":\"2023-06-26T05:04:22+00:00\",\"mainEntityOfPage\":{\"@id\":\"https:\/\/www.simpleplan.cz\/cz\/index.php\/pierre-novem-albu-simple-plan-mozna-vydaji-nejaky-novy-material-jiz-brzy\/\"},\"wordCount\":1380,\"commentCount\":0,\"publisher\":{\"@id\":\"https:\/\/www.simpleplan.cz\/cz\/#organization\"},\"articleSection\":[\"6. album\",\"Pierre\",\"p\u00edsn\u011b\",\"rozhovory\",\"singly\"],\"inLanguage\":\"cs\",\"potentialAction\":[{\"@type\":\"CommentAction\",\"name\":\"Comment\",\"target\":[\"https:\/\/www.simpleplan.cz\/cz\/index.php\/pierre-novem-albu-simple-plan-mozna-vydaji-nejaky-novy-material-jiz-brzy\/#respond\"]}]},{\"@type\":\"WebPage\",\"@id\":\"https:\/\/www.simpleplan.cz\/cz\/index.php\/pierre-novem-albu-simple-plan-mozna-vydaji-nejaky-novy-material-jiz-brzy\/\",\"url\":\"https:\/\/www.simpleplan.cz\/cz\/index.php\/pierre-novem-albu-simple-plan-mozna-vydaji-nejaky-novy-material-jiz-brzy\/\",\"name\":\"Pierre o nov\u00e9m albu: Simple Plan mo\u017en\u00e1 vydaj\u00ed n\u011bjak\u00fd nov\u00fd materi\u00e1l \\\"ji\u017e brzy\\\" | CZ: SimplePlan.cz\",\"isPartOf\":{\"@id\":\"https:\/\/www.simpleplan.cz\/cz\/#website\"},\"datePublished\":\"2020-05-29T13:17:40+00:00\",\"dateModified\":\"2023-06-26T05:04:22+00:00\",\"breadcrumb\":{\"@id\":\"https:\/\/www.simpleplan.cz\/cz\/index.php\/pierre-novem-albu-simple-plan-mozna-vydaji-nejaky-novy-material-jiz-brzy\/#breadcrumb\"},\"inLanguage\":\"cs\",\"potentialAction\":[{\"@type\":\"ReadAction\",\"target\":[\"https:\/\/www.simpleplan.cz\/cz\/index.php\/pierre-novem-albu-simple-plan-mozna-vydaji-nejaky-novy-material-jiz-brzy\/\"]}]},{\"@type\":\"BreadcrumbList\",\"@id\":\"https:\/\/www.simpleplan.cz\/cz\/index.php\/pierre-novem-albu-simple-plan-mozna-vydaji-nejaky-novy-material-jiz-brzy\/#breadcrumb\",\"itemListElement\":[{\"@type\":\"ListItem\",\"position\":1,\"name\":\"Dom\u016f\",\"item\":\"https:\/\/www.simpleplan.cz\/cz\/\"},{\"@type\":\"ListItem\",\"position\":2,\"name\":\"6. album\",\"item\":\"https:\/\/www.simpleplan.cz\/cz\/index.php\/category\/6-album\/\"},{\"@type\":\"ListItem\",\"position\":3,\"name\":\"Pierre o nov\u00e9m albu: Simple Plan mo\u017en\u00e1 vydaj\u00ed n\u011bjak\u00fd nov\u00fd materi\u00e1l &#8222;ji\u017e brzy&#8220;\"}]},{\"@type\":\"WebSite\",\"@id\":\"https:\/\/www.simpleplan.cz\/cz\/#website\",\"url\":\"https:\/\/www.simpleplan.cz\/cz\/\",\"name\":\"CZ: SimplePlan.cz\",\"description\":\"Nejlep\u0161\u00ed zdroj informac\u00ed o kapele Simple Plan\",\"publisher\":{\"@id\":\"https:\/\/www.simpleplan.cz\/cz\/#organization\"},\"potentialAction\":[{\"@type\":\"SearchAction\",\"target\":{\"@type\":\"EntryPoint\",\"urlTemplate\":\"https:\/\/www.simpleplan.cz\/cz\/?s={search_term_string}\"},\"query-input\":\"required name=search_term_string\"}],\"inLanguage\":\"cs\"},{\"@type\":\"Organization\",\"@id\":\"https:\/\/www.simpleplan.cz\/cz\/#organization\",\"name\":\"CZ: SimplePlan.cz\",\"url\":\"https:\/\/www.simpleplan.cz\/cz\/\",\"logo\":{\"@type\":\"ImageObject\",\"inLanguage\":\"cs\",\"@id\":\"https:\/\/www.simpleplan.cz\/cz\/#\/schema\/logo\/image\/\",\"url\":\"https:\/\/www.simpleplan.cz\/cz\/wp-content\/uploads\/spczlogo.png\",\"contentUrl\":\"https:\/\/www.simpleplan.cz\/cz\/wp-content\/uploads\/spczlogo.png\",\"width\":250,\"height\":190,\"caption\":\"CZ: SimplePlan.cz\"},\"image\":{\"@id\":\"https:\/\/www.simpleplan.cz\/cz\/#\/schema\/logo\/image\/\"},\"sameAs\":[\"http:\/\/www.facebook.com\/simpleplancz\",\"https:\/\/twitter.com\/simpleplancz\",\"http:\/\/www.instagram.com\/simpleplancz\",\"http:\/\/www.youtube.com\/simpleplancz\"]},{\"@type\":\"Person\",\"@id\":\"https:\/\/www.simpleplan.cz\/cz\/#\/schema\/person\/bb90dd25f4baab7793fc73ab0b783730\",\"name\":\"Dominika\",\"image\":{\"@type\":\"ImageObject\",\"inLanguage\":\"cs\",\"@id\":\"https:\/\/www.simpleplan.cz\/cz\/#\/schema\/person\/image\/\",\"url\":\"https:\/\/secure.gravatar.com\/avatar\/de55cb16a8578d56e96c89d1a0af3db5?s=96&d=mm&r=g\",\"contentUrl\":\"https:\/\/secure.gravatar.com\/avatar\/de55cb16a8578d56e96c89d1a0af3db5?s=96&d=mm&r=g\",\"caption\":\"Dominika\"},\"sameAs\":[\"http:\/\/www.simpleplan.cz\"],\"url\":\"https:\/\/www.simpleplan.cz\/cz\/index.php\/author\/admin-2\/\"}]}<\/script>\n<!-- \/ Yoast SEO plugin. -->","yoast_head_json":{"title":"Pierre o nov\u00e9m albu: Simple Plan mo\u017en\u00e1 vydaj\u00ed n\u011bjak\u00fd nov\u00fd materi\u00e1l \"ji\u017e brzy\" | CZ: SimplePlan.cz","robots":{"index":"index","follow":"follow","max-snippet":"max-snippet:-1","max-image-preview":"max-image-preview:large","max-video-preview":"max-video-preview:-1"},"canonical":"https:\/\/www.simpleplan.cz\/cz\/index.php\/pierre-novem-albu-simple-plan-mozna-vydaji-nejaky-novy-material-jiz-brzy\/","og_locale":"cs_CZ","og_type":"article","og_title":"Pierre o nov\u00e9m albu: Simple Plan mo\u017en\u00e1 vydaj\u00ed n\u011bjak\u00fd nov\u00fd materi\u00e1l \"ji\u017e brzy\" | CZ: SimplePlan.cz","og_description":"Je to jen n\u011bkolik dn\u00ed, co se Nick Major z Idobi r\u00e1dia p\u0159es videohovor spojil","og_url":"https:\/\/www.simpleplan.cz\/cz\/index.php\/pierre-novem-albu-simple-plan-mozna-vydaji-nejaky-novy-material-jiz-brzy\/","og_site_name":"CZ: SimplePlan.cz","article_publisher":"http:\/\/www.facebook.com\/simpleplancz","article_published_time":"2020-05-29T13:17:40+00:00","article_modified_time":"2023-06-26T05:04:22+00:00","og_image":[{"width":670,"height":300,"url":"https:\/\/www.simpleplan.cz\/cz\/wp-content\/uploads\/191.jpg","type":"image\/jpeg"}],"author":"Dominika","twitter_card":"summary_large_image","twitter_creator":"@simpleplancz","twitter_site":"@simpleplancz","twitter_misc":{"Napsal(a)":"Dominika","Odhadovan\u00e1 doba \u010dten\u00ed":"7 minut"},"schema":{"@context":"https:\/\/schema.org","@graph":[{"@type":"Article","@id":"https:\/\/www.simpleplan.cz\/cz\/index.php\/pierre-novem-albu-simple-plan-mozna-vydaji-nejaky-novy-material-jiz-brzy\/#article","isPartOf":{"@id":"https:\/\/www.simpleplan.cz\/cz\/index.php\/pierre-novem-albu-simple-plan-mozna-vydaji-nejaky-novy-material-jiz-brzy\/"},"author":{"name":"Dominika","@id":"https:\/\/www.simpleplan.cz\/cz\/#\/schema\/person\/bb90dd25f4baab7793fc73ab0b783730"},"headline":"Pierre o nov\u00e9m albu: Simple Plan mo\u017en\u00e1 vydaj\u00ed n\u011bjak\u00fd nov\u00fd materi\u00e1l &#8222;ji\u017e brzy&#8220;","datePublished":"2020-05-29T13:17:40+00:00","dateModified":"2023-06-26T05:04:22+00:00","mainEntityOfPage":{"@id":"https:\/\/www.simpleplan.cz\/cz\/index.php\/pierre-novem-albu-simple-plan-mozna-vydaji-nejaky-novy-material-jiz-brzy\/"},"wordCount":1380,"commentCount":0,"publisher":{"@id":"https:\/\/www.simpleplan.cz\/cz\/#organization"},"articleSection":["6. album","Pierre","p\u00edsn\u011b","rozhovory","singly"],"inLanguage":"cs","potentialAction":[{"@type":"CommentAction","name":"Comment","target":["https:\/\/www.simpleplan.cz\/cz\/index.php\/pierre-novem-albu-simple-plan-mozna-vydaji-nejaky-novy-material-jiz-brzy\/#respond"]}]},{"@type":"WebPage","@id":"https:\/\/www.simpleplan.cz\/cz\/index.php\/pierre-novem-albu-simple-plan-mozna-vydaji-nejaky-novy-material-jiz-brzy\/","url":"https:\/\/www.simpleplan.cz\/cz\/index.php\/pierre-novem-albu-simple-plan-mozna-vydaji-nejaky-novy-material-jiz-brzy\/","name":"Pierre o nov\u00e9m albu: Simple Plan mo\u017en\u00e1 vydaj\u00ed n\u011bjak\u00fd nov\u00fd materi\u00e1l \"ji\u017e brzy\" | CZ: SimplePlan.cz","isPartOf":{"@id":"https:\/\/www.simpleplan.cz\/cz\/#website"},"datePublished":"2020-05-29T13:17:40+00:00","dateModified":"2023-06-26T05:04:22+00:00","breadcrumb":{"@id":"https:\/\/www.simpleplan.cz\/cz\/index.php\/pierre-novem-albu-simple-plan-mozna-vydaji-nejaky-novy-material-jiz-brzy\/#breadcrumb"},"inLanguage":"cs","potentialAction":[{"@type":"ReadAction","target":["https:\/\/www.simpleplan.cz\/cz\/index.php\/pierre-novem-albu-simple-plan-mozna-vydaji-nejaky-novy-material-jiz-brzy\/"]}]},{"@type":"BreadcrumbList","@id":"https:\/\/www.simpleplan.cz\/cz\/index.php\/pierre-novem-albu-simple-plan-mozna-vydaji-nejaky-novy-material-jiz-brzy\/#breadcrumb","itemListElement":[{"@type":"ListItem","position":1,"name":"Dom\u016f","item":"https:\/\/www.simpleplan.cz\/cz\/"},{"@type":"ListItem","position":2,"name":"6. album","item":"https:\/\/www.simpleplan.cz\/cz\/index.php\/category\/6-album\/"},{"@type":"ListItem","position":3,"name":"Pierre o nov\u00e9m albu: Simple Plan mo\u017en\u00e1 vydaj\u00ed n\u011bjak\u00fd nov\u00fd materi\u00e1l &#8222;ji\u017e brzy&#8220;"}]},{"@type":"WebSite","@id":"https:\/\/www.simpleplan.cz\/cz\/#website","url":"https:\/\/www.simpleplan.cz\/cz\/","name":"CZ: SimplePlan.cz","description":"Nejlep\u0161\u00ed zdroj informac\u00ed o kapele Simple Plan","publisher":{"@id":"https:\/\/www.simpleplan.cz\/cz\/#organization"},"potentialAction":[{"@type":"SearchAction","target":{"@type":"EntryPoint","urlTemplate":"https:\/\/www.simpleplan.cz\/cz\/?s={search_term_string}"},"query-input":"required name=search_term_string"}],"inLanguage":"cs"},{"@type":"Organization","@id":"https:\/\/www.simpleplan.cz\/cz\/#organization","name":"CZ: SimplePlan.cz","url":"https:\/\/www.simpleplan.cz\/cz\/","logo":{"@type":"ImageObject","inLanguage":"cs","@id":"https:\/\/www.simpleplan.cz\/cz\/#\/schema\/logo\/image\/","url":"https:\/\/www.simpleplan.cz\/cz\/wp-content\/uploads\/spczlogo.png","contentUrl":"https:\/\/www.simpleplan.cz\/cz\/wp-content\/uploads\/spczlogo.png","width":250,"height":190,"caption":"CZ: SimplePlan.cz"},"image":{"@id":"https:\/\/www.simpleplan.cz\/cz\/#\/schema\/logo\/image\/"},"sameAs":["http:\/\/www.facebook.com\/simpleplancz","https:\/\/twitter.com\/simpleplancz","http:\/\/www.instagram.com\/simpleplancz","http:\/\/www.youtube.com\/simpleplancz"]},{"@type":"Person","@id":"https:\/\/www.simpleplan.cz\/cz\/#\/schema\/person\/bb90dd25f4baab7793fc73ab0b783730","name":"Dominika","image":{"@type":"ImageObject","inLanguage":"cs","@id":"https:\/\/www.simpleplan.cz\/cz\/#\/schema\/person\/image\/","url":"https:\/\/secure.gravatar.com\/avatar\/de55cb16a8578d56e96c89d1a0af3db5?s=96&d=mm&r=g","contentUrl":"https:\/\/secure.gravatar.com\/avatar\/de55cb16a8578d56e96c89d1a0af3db5?s=96&d=mm&r=g","caption":"Dominika"},"sameAs":["http:\/\/www.simpleplan.cz"],"url":"https:\/\/www.simpleplan.cz\/cz\/index.php\/author\/admin-2\/"}]}},"featured_image_urls":{"full":["https:\/\/www.simpleplan.cz\/cz\/wp-content\/uploads\/191.jpg",670,300,false],"thumbnail":["https:\/\/www.simpleplan.cz\/cz\/wp-content\/uploads\/191-150x150.jpg",150,150,true],"medium":["https:\/\/www.simpleplan.cz\/cz\/wp-content\/uploads\/191-300x134.jpg",300,134,true],"medium_large":["https:\/\/www.simpleplan.cz\/cz\/wp-content\/uploads\/191.jpg",640,287,false],"large":["https:\/\/www.simpleplan.cz\/cz\/wp-content\/uploads\/191.jpg",640,287,false],"1536x1536":["https:\/\/www.simpleplan.cz\/cz\/wp-content\/uploads\/191.jpg",670,300,false],"2048x2048":["https:\/\/www.simpleplan.cz\/cz\/wp-content\/uploads\/191.jpg",670,300,false],"elegant-magazine-featured":["https:\/\/www.simpleplan.cz\/cz\/wp-content\/uploads\/191.jpg",670,300,false],"elegant-magazine-medium":["https:\/\/www.simpleplan.cz\/cz\/wp-content\/uploads\/191.jpg",670,300,false],"elegant-magazine-medium-small":["https:\/\/www.simpleplan.cz\/cz\/wp-content\/uploads\/191.jpg",300,134,false],"elegant-magazine-thumbnail-small":["https:\/\/www.simpleplan.cz\/cz\/wp-content\/uploads\/191.jpg",50,22,false]},"author_info":{"display_name":"Dominika","author_link":"https:\/\/www.simpleplan.cz\/cz\/index.php\/author\/admin-2\/"},"category_info":"<a href=\"https:\/\/www.simpleplan.cz\/cz\/index.php\/category\/6-album\/\" rel=\"category tag\">6. album<\/a> <a href=\"https:\/\/www.simpleplan.cz\/cz\/index.php\/category\/pierre\/\" rel=\"category tag\">Pierre<\/a> <a href=\"https:\/\/www.simpleplan.cz\/cz\/index.php\/category\/pisne\/\" rel=\"category tag\">p\u00edsn\u011b<\/a> <a href=\"https:\/\/www.simpleplan.cz\/cz\/index.php\/category\/rozhovory\/\" rel=\"category tag\">rozhovory<\/a> <a href=\"https:\/\/www.simpleplan.cz\/cz\/index.php\/category\/singly\/\" rel=\"category tag\">singly<\/a>","tag_info":"singly","comment_count":"0","_links":{"self":[{"href":"https:\/\/www.simpleplan.cz\/cz\/index.php\/wp-json\/wp\/v2\/posts\/29007"}],"collection":[{"href":"https:\/\/www.simpleplan.cz\/cz\/index.php\/wp-json\/wp\/v2\/posts"}],"about":[{"href":"https:\/\/www.simpleplan.cz\/cz\/index.php\/wp-json\/wp\/v2\/types\/post"}],"author":[{"embeddable":true,"href":"https:\/\/www.simpleplan.cz\/cz\/index.php\/wp-json\/wp\/v2\/users\/5"}],"replies":[{"embeddable":true,"href":"https:\/\/www.simpleplan.cz\/cz\/index.php\/wp-json\/wp\/v2\/comments?post=29007"}],"version-history":[{"count":3,"href":"https:\/\/www.simpleplan.cz\/cz\/index.php\/wp-json\/wp\/v2\/posts\/29007\/revisions"}],"predecessor-version":[{"id":29011,"href":"https:\/\/www.simpleplan.cz\/cz\/index.php\/wp-json\/wp\/v2\/posts\/29007\/revisions\/29011"}],"wp:featuredmedia":[{"embeddable":true,"href":"https:\/\/www.simpleplan.cz\/cz\/index.php\/wp-json\/wp\/v2\/media\/28800"}],"wp:attachment":[{"href":"https:\/\/www.simpleplan.cz\/cz\/index.php\/wp-json\/wp\/v2\/media?parent=29007"}],"wp:term":[{"taxonomy":"category","embeddable":true,"href":"https:\/\/www.simpleplan.cz\/cz\/index.php\/wp-json\/wp\/v2\/categories?post=29007"},{"taxonomy":"post_tag","embeddable":true,"href":"https:\/\/www.simpleplan.cz\/cz\/index.php\/wp-json\/wp\/v2\/tags?post=29007"}],"curies":[{"name":"wp","href":"https:\/\/api.w.org\/{rel}","templated":true}]}}