{"id":29167,"date":"2021-06-16T15:16:55","date_gmt":"2021-06-16T13:16:55","guid":{"rendered":"http:\/\/www.simpleplan.cz\/cz\/?p=29167"},"modified":"2023-06-26T07:04:20","modified_gmt":"2023-06-26T05:04:20","slug":"seb-promluvil-brzkem-vydani-neceho-hudebniho-mozna","status":"publish","type":"post","link":"https:\/\/www.simpleplan.cz\/cz\/index.php\/seb-promluvil-brzkem-vydani-neceho-hudebniho-mozna\/","title":{"rendered":"Seb promluvil o &#8222;brzk\u00e9m vyd\u00e1n\u00ed n\u011b\u010deho hudebn\u00edho&#8220;&#8230; mo\u017en\u00e1"},"content":{"rendered":"<p><center><img decoding=\"async\" src=\"http:\/\/www.simpleplan.cz\/en\/wp-content\/uploads\/sebby.jpg\"\/><\/center><\/p>\n<p>Vzhledem k tomu jak dlouho si ji\u017e fanou\u0161ci Simple Plan utahuj\u00ed ze \u010dlen\u016f kapely kv\u016fli jejich p\u0159ehnan\u00e9mu pou\u017e\u00edv\u00e1n\u00ed slova &#8222;soon&#8220; (&#8222;brzy&#8220;), kter\u00e9ho vyu\u017e\u00edvaj\u00ed p\u0159i jak\u00e9koliv zm\u00ednce o vyd\u00e1n\u00ed nov\u00e9 hudby, si kluci toto ji\u017e pln\u011b uv\u011bdomuj\u00ed, a sna\u017e\u00ed se proto b\u00fdt \u010d\u00edm d\u00e1l v\u00edce opatrn\u00ed, co vypust\u00ed z pusy ven. Aby pak n\u00e1sledn\u011b nezklamali fanou\u0161ky, kdy\u017e pak k vyd\u00e1n\u00ed dan\u00e9 v\u011bci nedojde v sl\u00edben\u00e9m \u010dasov\u00e9m obdob\u00ed. A to je pochopiteln\u00e9.<\/p>\n<p>Sebastien se do podobn\u00e9 situace dostal p\u0159ed n\u011bkolika dny, kdy nahr\u00e1val <b>nov\u00fd rozhovor pro podcast The Dangerous Darrin Show<\/b> s moder\u00e1torem Darrinem Pfeifferem, mimo jin\u00e9 \u010dlenem kapely Goldfinger. Na ot\u00e1zku, jestli bylo cel\u00e9 album nahr\u00e1v\u00e1no pouze v Kalifornii, Sebastien odpov\u011bd\u011bl, \u017ee ano, ale&#8230; z\u00e1rove\u0148 tak\u00e9 nazna\u010dil, \u017ee p\u0159ed ned\u00e1vnem s klukama dokon\u010dili ka\u017ed\u00fd s\u00e1m doma n\u011bjak\u00e9 dal\u0161\u00ed nahr\u00e1vky pro &#8222;n\u011bco&#8220;, co mo\u017en\u00e1 vyjde &#8222;brzy&#8220;. Seb byl ale ve sv\u00e9m projevu velmi opatrn\u00fd, nenechal nic n\u00e1hod\u011b a pojistil si ho n\u011bkolika &#8222;mo\u017en\u00e1&#8220; a &#8222;kdo v\u00ed&#8220;:<\/p>\n<div class=\"quote\"><i>&#8222;Ne, v\u0161echno jsme nakonec nahr\u00e1li v Kalifornii. Ale ned\u00e1vno&#8230; nem\u016f\u017eu ale prozradit co.. <b>ned\u00e1vno jsme v\u0161ichni nahr\u00e1li ka\u017ed\u00fd svoje \u010d\u00e1sti ve sv\u00fdch vlastn\u00edch studi\u00edch a pak jsme je dali dohromady pro&#8230; no.. n\u011bco.. co mo\u017en\u00e1 vyjde nebo nevyjde brzy.. nebo taky ne.<\/b> Tak\u017ee na to se m\u016f\u017eete t\u011b\u0161it. Mo\u017en\u00e1. Kdo v\u00ed?&#8220;<\/i><\/div>\n<p>Mohl by o b\u00fdt nov\u00fd single? Nebo n\u011bjak\u00e1 jin\u00e1 hudebn\u00ed z\u00e1le\u017eitost pro Simple Plan, kterou bychom si mohli v dohledn\u00e9 dob\u011b poslechnout? Uvid\u00edme. Ale rozhodn\u011b je to dobr\u00e1 zn\u00e1mka toho, \u017ee se v\u011bci za\u010d\u00ednaj\u00ed h\u00fdbat!<\/p>\n<p>Krom\u011b toho bychom cht\u011bli vyzdvihnout jednu dal\u0161\u00ed \u010d\u00e1st z tohoto rozhovoru, kde byl Seb dot\u00e1z\u00e1n, jestli maj\u00ed Simple Plan n\u011bjakou \u010dasovou osu, kdy by cht\u011bli novou desku vydat. <b>Sebastien nazna\u010dil, \u017ee existuje mo\u017enost, \u017ee bychom mohli nov\u00fd single usly\u0161et ji\u017e b\u011bhem tohoto l\u00e9ta.<\/b> To souhlas\u00ed i s Pierrov\u00fdm ned\u00e1vn\u00fdm trzen\u00edm, kdy \u0159ekl, \u017ee by SP cht\u011bli m\u00edt n\u011bjak\u00fd nov\u00fd materi\u00e1l venku je\u0161t\u011b p\u0159ed turn\u00e9 s New Found Glory. N\u00ed\u017ee si ji\u017e m\u016f\u017eete p\u0159e\u010d\u00edst, co Seb o vyd\u00e1n\u00ed nov\u00e9ho alba \u0159ekl:<\/p>\n<div class=\"quote\"><i>&#8222;Ach, j\u00e1 bych si tak p\u0159\u00e1l, kdybychom tu desku mohli vydat i navzdory pandemii. V\u00e1\u017en\u011b. Jen se tak prost\u011b nestalo. Tak\u017ee j\u00e1 douf\u00e1m, \u017ee pokud se sv\u011bt p\u011bt za\u010dne vracet do norm\u00e1lu, <b>moc r\u00e1d bych tohle album vid\u011bl venku je\u0161t\u011b v l\u00e9t\u011b. Nebo alespo\u0148 jeden single.<\/b> V\u00ed\u0161? To by bylo super. D\u0159\u00edv to b\u00fdv\u00e1valo tak, \u017ee se vydalo album, pak teprve prvn\u00ed single, druh\u00fd a t\u0159et\u00ed, a tak. Te\u010f je to ale v\u011bt\u0161inou naopak: 1. single, 2. single, 2. single, a pak vyjde album. Tak\u017ee doufejme, \u017ee se do tohoto procesu dostaneme letos v l\u00e9t\u011b. Bylo by to fajn.&#8220;<\/i><\/p>\n<p><center><font color=\"434277\"><b>&#8211; Sebastien Lefebvre<\/b> [v podcastu The Dangerous Darrin Show] &#8211;<\/font><\/center><\/div>\n<p><b>Ob\u011b \u010d\u00e1sti podcastu The Dangerous Darrin Show podcast, kter\u00e9 obsahuj\u00ed tento nov\u00fd rozhovor se Sebem<\/b>, si m\u016f\u017eete poslechnout zde:<\/p>\n<p><center><iframe src=\"https:\/\/open.spotify.com\/embed-podcast\/episode\/0KfCCM9i8OZcEWUD4p5Bq0\" width=\"100%\" height=\"232\" frameborder=\"0\" allowtransparency=\"true\" allow=\"encrypted-media\"><\/iframe><\/center><\/p>\n<p><center><iframe src=\"https:\/\/open.spotify.com\/embed-podcast\/episode\/3VTeijWzln4G0gd1rV44By\" width=\"100%\" height=\"232\" frameborder=\"0\" allowtransparency=\"true\" allow=\"encrypted-media\"><\/iframe><\/center><\/p>\n<div class=\"fblikebutton_button\" style=\"float: left; padding-top: 20px; margin-right: 20px; padding-bottom: 20px; padding-left: 20px;\"><iframe src=\"http:\/\/www.facebook.com\/plugins\/like.php?href=https%3A%2F%2Fwww.simpleplan.cz%2Fcz%2Findex.php%2Fseb-promluvil-brzkem-vydani-neceho-hudebniho-mozna%2F&amp;layout=standard&amp;show-faces=false&amp;width=450&amp;action=like&amp;colorscheme=light\" scrolling=\"no\" frameborder=\"0\" allowTransparency=\"true\" style=\"border:none; overflow:hidden; width:450px; height:26px\"><\/iframe><\/div>\n","protected":false},"excerpt":{"rendered":"<p>Vzhledem k tomu jak dlouho si ji\u017e fanou\u0161ci Simple Plan utahuj\u00ed ze \u010dlen\u016f kapely kv\u016fli<\/p>\n","protected":false},"author":5,"featured_media":29168,"comment_status":"open","ping_status":"open","sticky":false,"template":"","format":"standard","meta":{"footnotes":"","fifu_image_url":"","fifu_image_alt":""},"categories":[2277,19,3],"tags":[2956,3085,3086,3087,3253,326],"yoast_head":"<!-- This site is optimized with the Yoast SEO plugin v20.9 - https:\/\/yoast.com\/wordpress\/plugins\/seo\/ -->\n<title>Seb promluvil o &quot;brzk\u00e9m vyd\u00e1n\u00ed n\u011b\u010deho hudebn\u00edho&quot;... mo\u017en\u00e1 | CZ: SimplePlan.cz<\/title>\n<meta name=\"robots\" content=\"index, follow, max-snippet:-1, max-image-preview:large, max-video-preview:-1\" \/>\n<link rel=\"canonical\" href=\"https:\/\/www.simpleplan.cz\/cz\/index.php\/seb-promluvil-brzkem-vydani-neceho-hudebniho-mozna\/\" \/>\n<meta property=\"og:locale\" content=\"cs_CZ\" \/>\n<meta property=\"og:type\" content=\"article\" \/>\n<meta property=\"og:title\" content=\"Seb promluvil o &quot;brzk\u00e9m vyd\u00e1n\u00ed n\u011b\u010deho hudebn\u00edho&quot;... mo\u017en\u00e1 | CZ: SimplePlan.cz\" \/>\n<meta property=\"og:description\" content=\"Vzhledem k tomu jak dlouho si ji\u017e fanou\u0161ci Simple Plan utahuj\u00ed ze \u010dlen\u016f kapely kv\u016fli\" \/>\n<meta property=\"og:url\" content=\"https:\/\/www.simpleplan.cz\/cz\/index.php\/seb-promluvil-brzkem-vydani-neceho-hudebniho-mozna\/\" \/>\n<meta property=\"og:site_name\" content=\"CZ: SimplePlan.cz\" \/>\n<meta property=\"article:publisher\" content=\"http:\/\/www.facebook.com\/simpleplancz\" \/>\n<meta property=\"article:published_time\" content=\"2021-06-16T13:16:55+00:00\" \/>\n<meta property=\"article:modified_time\" content=\"2023-06-26T05:04:20+00:00\" \/>\n<meta property=\"og:image\" content=\"https:\/\/www.simpleplan.cz\/cz\/wp-content\/uploads\/sebby.jpg\" \/>\n\t<meta property=\"og:image:width\" content=\"670\" \/>\n\t<meta property=\"og:image:height\" content=\"300\" \/>\n\t<meta property=\"og:image:type\" content=\"image\/jpeg\" \/>\n<meta name=\"author\" content=\"Dominika\" \/>\n<meta name=\"twitter:card\" content=\"summary_large_image\" \/>\n<meta name=\"twitter:creator\" content=\"@simpleplancz\" \/>\n<meta name=\"twitter:site\" content=\"@simpleplancz\" \/>\n<meta name=\"twitter:label1\" content=\"Napsal(a)\" \/>\n\t<meta name=\"twitter:data1\" content=\"Dominika\" \/>\n\t<meta name=\"twitter:label2\" content=\"Odhadovan\u00e1 doba \u010dten\u00ed\" \/>\n\t<meta name=\"twitter:data2\" content=\"3 minuty\" \/>\n<script type=\"application\/ld+json\" class=\"yoast-schema-graph\">{\"@context\":\"https:\/\/schema.org\",\"@graph\":[{\"@type\":\"Article\",\"@id\":\"https:\/\/www.simpleplan.cz\/cz\/index.php\/seb-promluvil-brzkem-vydani-neceho-hudebniho-mozna\/#article\",\"isPartOf\":{\"@id\":\"https:\/\/www.simpleplan.cz\/cz\/index.php\/seb-promluvil-brzkem-vydani-neceho-hudebniho-mozna\/\"},\"author\":{\"name\":\"Dominika\",\"@id\":\"https:\/\/www.simpleplan.cz\/cz\/#\/schema\/person\/bb90dd25f4baab7793fc73ab0b783730\"},\"headline\":\"Seb promluvil o &#8222;brzk\u00e9m vyd\u00e1n\u00ed n\u011b\u010deho hudebn\u00edho&#8220;&#8230; mo\u017en\u00e1\",\"datePublished\":\"2021-06-16T13:16:55+00:00\",\"dateModified\":\"2023-06-26T05:04:20+00:00\",\"mainEntityOfPage\":{\"@id\":\"https:\/\/www.simpleplan.cz\/cz\/index.php\/seb-promluvil-brzkem-vydani-neceho-hudebniho-mozna\/\"},\"wordCount\":578,\"commentCount\":0,\"publisher\":{\"@id\":\"https:\/\/www.simpleplan.cz\/cz\/#organization\"},\"keywords\":[\"6th album\",\"Dangerous Darrin Show\",\"Darrin Pfeiffer\",\"Goldfinger\",\"new album\",\"podcast\"],\"articleSection\":[\"6. album\",\"rozhovory\",\"Sebastien\"],\"inLanguage\":\"cs\",\"potentialAction\":[{\"@type\":\"CommentAction\",\"name\":\"Comment\",\"target\":[\"https:\/\/www.simpleplan.cz\/cz\/index.php\/seb-promluvil-brzkem-vydani-neceho-hudebniho-mozna\/#respond\"]}]},{\"@type\":\"WebPage\",\"@id\":\"https:\/\/www.simpleplan.cz\/cz\/index.php\/seb-promluvil-brzkem-vydani-neceho-hudebniho-mozna\/\",\"url\":\"https:\/\/www.simpleplan.cz\/cz\/index.php\/seb-promluvil-brzkem-vydani-neceho-hudebniho-mozna\/\",\"name\":\"Seb promluvil o \\\"brzk\u00e9m vyd\u00e1n\u00ed n\u011b\u010deho hudebn\u00edho\\\"... mo\u017en\u00e1 | CZ: SimplePlan.cz\",\"isPartOf\":{\"@id\":\"https:\/\/www.simpleplan.cz\/cz\/#website\"},\"datePublished\":\"2021-06-16T13:16:55+00:00\",\"dateModified\":\"2023-06-26T05:04:20+00:00\",\"breadcrumb\":{\"@id\":\"https:\/\/www.simpleplan.cz\/cz\/index.php\/seb-promluvil-brzkem-vydani-neceho-hudebniho-mozna\/#breadcrumb\"},\"inLanguage\":\"cs\",\"potentialAction\":[{\"@type\":\"ReadAction\",\"target\":[\"https:\/\/www.simpleplan.cz\/cz\/index.php\/seb-promluvil-brzkem-vydani-neceho-hudebniho-mozna\/\"]}]},{\"@type\":\"BreadcrumbList\",\"@id\":\"https:\/\/www.simpleplan.cz\/cz\/index.php\/seb-promluvil-brzkem-vydani-neceho-hudebniho-mozna\/#breadcrumb\",\"itemListElement\":[{\"@type\":\"ListItem\",\"position\":1,\"name\":\"Dom\u016f\",\"item\":\"https:\/\/www.simpleplan.cz\/cz\/\"},{\"@type\":\"ListItem\",\"position\":2,\"name\":\"6. album\",\"item\":\"https:\/\/www.simpleplan.cz\/cz\/index.php\/category\/6-album\/\"},{\"@type\":\"ListItem\",\"position\":3,\"name\":\"Seb promluvil o &#8222;brzk\u00e9m vyd\u00e1n\u00ed n\u011b\u010deho hudebn\u00edho&#8220;&#8230; mo\u017en\u00e1\"}]},{\"@type\":\"WebSite\",\"@id\":\"https:\/\/www.simpleplan.cz\/cz\/#website\",\"url\":\"https:\/\/www.simpleplan.cz\/cz\/\",\"name\":\"CZ: SimplePlan.cz\",\"description\":\"Nejlep\u0161\u00ed zdroj informac\u00ed o kapele Simple Plan\",\"publisher\":{\"@id\":\"https:\/\/www.simpleplan.cz\/cz\/#organization\"},\"potentialAction\":[{\"@type\":\"SearchAction\",\"target\":{\"@type\":\"EntryPoint\",\"urlTemplate\":\"https:\/\/www.simpleplan.cz\/cz\/?s={search_term_string}\"},\"query-input\":\"required name=search_term_string\"}],\"inLanguage\":\"cs\"},{\"@type\":\"Organization\",\"@id\":\"https:\/\/www.simpleplan.cz\/cz\/#organization\",\"name\":\"CZ: SimplePlan.cz\",\"url\":\"https:\/\/www.simpleplan.cz\/cz\/\",\"logo\":{\"@type\":\"ImageObject\",\"inLanguage\":\"cs\",\"@id\":\"https:\/\/www.simpleplan.cz\/cz\/#\/schema\/logo\/image\/\",\"url\":\"https:\/\/www.simpleplan.cz\/cz\/wp-content\/uploads\/spczlogo.png\",\"contentUrl\":\"https:\/\/www.simpleplan.cz\/cz\/wp-content\/uploads\/spczlogo.png\",\"width\":250,\"height\":190,\"caption\":\"CZ: SimplePlan.cz\"},\"image\":{\"@id\":\"https:\/\/www.simpleplan.cz\/cz\/#\/schema\/logo\/image\/\"},\"sameAs\":[\"http:\/\/www.facebook.com\/simpleplancz\",\"https:\/\/twitter.com\/simpleplancz\",\"http:\/\/www.instagram.com\/simpleplancz\",\"http:\/\/www.youtube.com\/simpleplancz\"]},{\"@type\":\"Person\",\"@id\":\"https:\/\/www.simpleplan.cz\/cz\/#\/schema\/person\/bb90dd25f4baab7793fc73ab0b783730\",\"name\":\"Dominika\",\"image\":{\"@type\":\"ImageObject\",\"inLanguage\":\"cs\",\"@id\":\"https:\/\/www.simpleplan.cz\/cz\/#\/schema\/person\/image\/\",\"url\":\"https:\/\/secure.gravatar.com\/avatar\/de55cb16a8578d56e96c89d1a0af3db5?s=96&d=mm&r=g\",\"contentUrl\":\"https:\/\/secure.gravatar.com\/avatar\/de55cb16a8578d56e96c89d1a0af3db5?s=96&d=mm&r=g\",\"caption\":\"Dominika\"},\"sameAs\":[\"http:\/\/www.simpleplan.cz\"],\"url\":\"https:\/\/www.simpleplan.cz\/cz\/index.php\/author\/admin-2\/\"}]}<\/script>\n<!-- \/ Yoast SEO plugin. -->","yoast_head_json":{"title":"Seb promluvil o \"brzk\u00e9m vyd\u00e1n\u00ed n\u011b\u010deho hudebn\u00edho\"... mo\u017en\u00e1 | CZ: SimplePlan.cz","robots":{"index":"index","follow":"follow","max-snippet":"max-snippet:-1","max-image-preview":"max-image-preview:large","max-video-preview":"max-video-preview:-1"},"canonical":"https:\/\/www.simpleplan.cz\/cz\/index.php\/seb-promluvil-brzkem-vydani-neceho-hudebniho-mozna\/","og_locale":"cs_CZ","og_type":"article","og_title":"Seb promluvil o \"brzk\u00e9m vyd\u00e1n\u00ed n\u011b\u010deho hudebn\u00edho\"... mo\u017en\u00e1 | CZ: SimplePlan.cz","og_description":"Vzhledem k tomu jak dlouho si ji\u017e fanou\u0161ci Simple Plan utahuj\u00ed ze \u010dlen\u016f kapely kv\u016fli","og_url":"https:\/\/www.simpleplan.cz\/cz\/index.php\/seb-promluvil-brzkem-vydani-neceho-hudebniho-mozna\/","og_site_name":"CZ: SimplePlan.cz","article_publisher":"http:\/\/www.facebook.com\/simpleplancz","article_published_time":"2021-06-16T13:16:55+00:00","article_modified_time":"2023-06-26T05:04:20+00:00","og_image":[{"width":670,"height":300,"url":"https:\/\/www.simpleplan.cz\/cz\/wp-content\/uploads\/sebby.jpg","type":"image\/jpeg"}],"author":"Dominika","twitter_card":"summary_large_image","twitter_creator":"@simpleplancz","twitter_site":"@simpleplancz","twitter_misc":{"Napsal(a)":"Dominika","Odhadovan\u00e1 doba \u010dten\u00ed":"3 minuty"},"schema":{"@context":"https:\/\/schema.org","@graph":[{"@type":"Article","@id":"https:\/\/www.simpleplan.cz\/cz\/index.php\/seb-promluvil-brzkem-vydani-neceho-hudebniho-mozna\/#article","isPartOf":{"@id":"https:\/\/www.simpleplan.cz\/cz\/index.php\/seb-promluvil-brzkem-vydani-neceho-hudebniho-mozna\/"},"author":{"name":"Dominika","@id":"https:\/\/www.simpleplan.cz\/cz\/#\/schema\/person\/bb90dd25f4baab7793fc73ab0b783730"},"headline":"Seb promluvil o &#8222;brzk\u00e9m vyd\u00e1n\u00ed n\u011b\u010deho hudebn\u00edho&#8220;&#8230; mo\u017en\u00e1","datePublished":"2021-06-16T13:16:55+00:00","dateModified":"2023-06-26T05:04:20+00:00","mainEntityOfPage":{"@id":"https:\/\/www.simpleplan.cz\/cz\/index.php\/seb-promluvil-brzkem-vydani-neceho-hudebniho-mozna\/"},"wordCount":578,"commentCount":0,"publisher":{"@id":"https:\/\/www.simpleplan.cz\/cz\/#organization"},"keywords":["6th album","Dangerous Darrin Show","Darrin Pfeiffer","Goldfinger","new album","podcast"],"articleSection":["6. album","rozhovory","Sebastien"],"inLanguage":"cs","potentialAction":[{"@type":"CommentAction","name":"Comment","target":["https:\/\/www.simpleplan.cz\/cz\/index.php\/seb-promluvil-brzkem-vydani-neceho-hudebniho-mozna\/#respond"]}]},{"@type":"WebPage","@id":"https:\/\/www.simpleplan.cz\/cz\/index.php\/seb-promluvil-brzkem-vydani-neceho-hudebniho-mozna\/","url":"https:\/\/www.simpleplan.cz\/cz\/index.php\/seb-promluvil-brzkem-vydani-neceho-hudebniho-mozna\/","name":"Seb promluvil o \"brzk\u00e9m vyd\u00e1n\u00ed n\u011b\u010deho hudebn\u00edho\"... mo\u017en\u00e1 | CZ: SimplePlan.cz","isPartOf":{"@id":"https:\/\/www.simpleplan.cz\/cz\/#website"},"datePublished":"2021-06-16T13:16:55+00:00","dateModified":"2023-06-26T05:04:20+00:00","breadcrumb":{"@id":"https:\/\/www.simpleplan.cz\/cz\/index.php\/seb-promluvil-brzkem-vydani-neceho-hudebniho-mozna\/#breadcrumb"},"inLanguage":"cs","potentialAction":[{"@type":"ReadAction","target":["https:\/\/www.simpleplan.cz\/cz\/index.php\/seb-promluvil-brzkem-vydani-neceho-hudebniho-mozna\/"]}]},{"@type":"BreadcrumbList","@id":"https:\/\/www.simpleplan.cz\/cz\/index.php\/seb-promluvil-brzkem-vydani-neceho-hudebniho-mozna\/#breadcrumb","itemListElement":[{"@type":"ListItem","position":1,"name":"Dom\u016f","item":"https:\/\/www.simpleplan.cz\/cz\/"},{"@type":"ListItem","position":2,"name":"6. album","item":"https:\/\/www.simpleplan.cz\/cz\/index.php\/category\/6-album\/"},{"@type":"ListItem","position":3,"name":"Seb promluvil o &#8222;brzk\u00e9m vyd\u00e1n\u00ed n\u011b\u010deho hudebn\u00edho&#8220;&#8230; mo\u017en\u00e1"}]},{"@type":"WebSite","@id":"https:\/\/www.simpleplan.cz\/cz\/#website","url":"https:\/\/www.simpleplan.cz\/cz\/","name":"CZ: SimplePlan.cz","description":"Nejlep\u0161\u00ed zdroj informac\u00ed o kapele Simple Plan","publisher":{"@id":"https:\/\/www.simpleplan.cz\/cz\/#organization"},"potentialAction":[{"@type":"SearchAction","target":{"@type":"EntryPoint","urlTemplate":"https:\/\/www.simpleplan.cz\/cz\/?s={search_term_string}"},"query-input":"required name=search_term_string"}],"inLanguage":"cs"},{"@type":"Organization","@id":"https:\/\/www.simpleplan.cz\/cz\/#organization","name":"CZ: SimplePlan.cz","url":"https:\/\/www.simpleplan.cz\/cz\/","logo":{"@type":"ImageObject","inLanguage":"cs","@id":"https:\/\/www.simpleplan.cz\/cz\/#\/schema\/logo\/image\/","url":"https:\/\/www.simpleplan.cz\/cz\/wp-content\/uploads\/spczlogo.png","contentUrl":"https:\/\/www.simpleplan.cz\/cz\/wp-content\/uploads\/spczlogo.png","width":250,"height":190,"caption":"CZ: SimplePlan.cz"},"image":{"@id":"https:\/\/www.simpleplan.cz\/cz\/#\/schema\/logo\/image\/"},"sameAs":["http:\/\/www.facebook.com\/simpleplancz","https:\/\/twitter.com\/simpleplancz","http:\/\/www.instagram.com\/simpleplancz","http:\/\/www.youtube.com\/simpleplancz"]},{"@type":"Person","@id":"https:\/\/www.simpleplan.cz\/cz\/#\/schema\/person\/bb90dd25f4baab7793fc73ab0b783730","name":"Dominika","image":{"@type":"ImageObject","inLanguage":"cs","@id":"https:\/\/www.simpleplan.cz\/cz\/#\/schema\/person\/image\/","url":"https:\/\/secure.gravatar.com\/avatar\/de55cb16a8578d56e96c89d1a0af3db5?s=96&d=mm&r=g","contentUrl":"https:\/\/secure.gravatar.com\/avatar\/de55cb16a8578d56e96c89d1a0af3db5?s=96&d=mm&r=g","caption":"Dominika"},"sameAs":["http:\/\/www.simpleplan.cz"],"url":"https:\/\/www.simpleplan.cz\/cz\/index.php\/author\/admin-2\/"}]}},"featured_image_urls":{"full":["https:\/\/www.simpleplan.cz\/cz\/wp-content\/uploads\/sebby.jpg",670,300,false],"thumbnail":["https:\/\/www.simpleplan.cz\/cz\/wp-content\/uploads\/sebby-150x150.jpg",150,150,true],"medium":["https:\/\/www.simpleplan.cz\/cz\/wp-content\/uploads\/sebby-300x134.jpg",300,134,true],"medium_large":["https:\/\/www.simpleplan.cz\/cz\/wp-content\/uploads\/sebby.jpg",640,287,false],"large":["https:\/\/www.simpleplan.cz\/cz\/wp-content\/uploads\/sebby.jpg",640,287,false],"1536x1536":["https:\/\/www.simpleplan.cz\/cz\/wp-content\/uploads\/sebby.jpg",670,300,false],"2048x2048":["https:\/\/www.simpleplan.cz\/cz\/wp-content\/uploads\/sebby.jpg",670,300,false],"elegant-magazine-featured":["https:\/\/www.simpleplan.cz\/cz\/wp-content\/uploads\/sebby.jpg",670,300,false],"elegant-magazine-medium":["https:\/\/www.simpleplan.cz\/cz\/wp-content\/uploads\/sebby.jpg",670,300,false],"elegant-magazine-medium-small":["https:\/\/www.simpleplan.cz\/cz\/wp-content\/uploads\/sebby.jpg",300,134,false],"elegant-magazine-thumbnail-small":["https:\/\/www.simpleplan.cz\/cz\/wp-content\/uploads\/sebby.jpg",50,22,false]},"author_info":{"display_name":"Dominika","author_link":"https:\/\/www.simpleplan.cz\/cz\/index.php\/author\/admin-2\/"},"category_info":"<a href=\"https:\/\/www.simpleplan.cz\/cz\/index.php\/category\/6-album\/\" rel=\"category tag\">6. album<\/a> <a href=\"https:\/\/www.simpleplan.cz\/cz\/index.php\/category\/rozhovory\/\" rel=\"category tag\">rozhovory<\/a> <a href=\"https:\/\/www.simpleplan.cz\/cz\/index.php\/category\/sebastien\/\" rel=\"category tag\">Sebastien<\/a>","tag_info":"Sebastien","comment_count":"0","_links":{"self":[{"href":"https:\/\/www.simpleplan.cz\/cz\/index.php\/wp-json\/wp\/v2\/posts\/29167"}],"collection":[{"href":"https:\/\/www.simpleplan.cz\/cz\/index.php\/wp-json\/wp\/v2\/posts"}],"about":[{"href":"https:\/\/www.simpleplan.cz\/cz\/index.php\/wp-json\/wp\/v2\/types\/post"}],"author":[{"embeddable":true,"href":"https:\/\/www.simpleplan.cz\/cz\/index.php\/wp-json\/wp\/v2\/users\/5"}],"replies":[{"embeddable":true,"href":"https:\/\/www.simpleplan.cz\/cz\/index.php\/wp-json\/wp\/v2\/comments?post=29167"}],"version-history":[{"count":1,"href":"https:\/\/www.simpleplan.cz\/cz\/index.php\/wp-json\/wp\/v2\/posts\/29167\/revisions"}],"predecessor-version":[{"id":29169,"href":"https:\/\/www.simpleplan.cz\/cz\/index.php\/wp-json\/wp\/v2\/posts\/29167\/revisions\/29169"}],"wp:featuredmedia":[{"embeddable":true,"href":"https:\/\/www.simpleplan.cz\/cz\/index.php\/wp-json\/wp\/v2\/media\/29168"}],"wp:attachment":[{"href":"https:\/\/www.simpleplan.cz\/cz\/index.php\/wp-json\/wp\/v2\/media?parent=29167"}],"wp:term":[{"taxonomy":"category","embeddable":true,"href":"https:\/\/www.simpleplan.cz\/cz\/index.php\/wp-json\/wp\/v2\/categories?post=29167"},{"taxonomy":"post_tag","embeddable":true,"href":"https:\/\/www.simpleplan.cz\/cz\/index.php\/wp-json\/wp\/v2\/tags?post=29167"}],"curies":[{"name":"wp","href":"https:\/\/api.w.org\/{rel}","templated":true}]}}