{"id":33146,"date":"2023-08-18T17:06:24","date_gmt":"2023-08-18T15:06:24","guid":{"rendered":"https:\/\/www.simpleplan.cz\/cz\/?p=33146"},"modified":"2023-08-18T17:24:05","modified_gmt":"2023-08-18T15:24:05","slug":"evropske-turne-simple-plan-se-zacina-vyprodavat-kapela-pridala-dalsi-koncert-v-parizi","status":"publish","type":"post","link":"https:\/\/www.simpleplan.cz\/cz\/index.php\/evropske-turne-simple-plan-se-zacina-vyprodavat-kapela-pridala-dalsi-koncert-v-parizi\/","title":{"rendered":"Evropsk\u00e9 turn\u00e9 Simple Plan se za\u010d\u00edn\u00e1 vyprod\u00e1vat &#8211; kapela p\u0159idala dal\u0161\u00ed koncert v Pa\u0159\u00ed\u017ei"},"content":{"rendered":"\n<figure class=\"wp-block-image aligncenter size-full\"><img decoding=\"async\" src=\"https:\/\/www.simpleplan.cz\/en\/wp-content\/uploads\/euro-tour.png\" alt=\"\" class=\"wp-image-32647\"\/><\/figure>\n\n\n\n<p>Nen\u00ed to ani m\u011bs\u00edc, co Simple Plan <a href=\"https:\/\/www.simpleplan.cz\/cz\/index.php\/simple-plan-se-vraceji-do-prahy-v-ramci-evropskeho-turne-se-state-champs-a-mayday-parade\/\">ozn\u00e1mili<\/a>, \u017ee se <strong>v lednu a v \u00fanoru op\u011bt vr\u00e1t\u00ed do Evropy<\/strong> &#8211; a to tentokr\u00e1t s prvn\u00edm headlinov\u00fdm turn\u00e9 po noha letech, co\u017e samoz\u0159ejm\u011b znamenalo, \u017ee l\u00edstky na mnoho z evropsk\u00fdch koncert\u016f za\u010daly doslova mizet p\u0159ed o\u010dima.  <\/p>\n\n\n\n<p>V tuto chv\u00edli je vyprod\u00e1no ji\u017e p\u011bt koncert\u016f tohoto turn\u00e9 <strong>&#8211; <em>Pa\u0159\u00ed\u017e (19. 1. a 20. 1.), Mnichov (26. 1.), Antverpy (7. 2.) a Bristol (13. 2.)<\/em>.<\/strong> Francouz\u0161t\u00ed fanou\u0161ci maj\u00ed velk\u00e9 \u0161t\u011bst\u00ed, proto\u017ee k jejich ji\u017e ozn\u00e1men\u00fdm dv\u011bma pa\u0159\u00ed\u017esk\u00fdm koncert\u016fm se v souvislosti s velkou popt\u00e1vkou kapela rozhodla p\u0159idat t\u0159et\u00ed show v Pa\u0159\u00ed\u017ei, a to 18. ledna. <\/p>\n\n\n\n<p>Pokud st\u00e1le je\u0161t\u011b s n\u00e1kupem l\u00edstk\u016f ot\u00e1l\u00edte, siln\u011b doporu\u010dujeme <strong>zakoupit si je co nejd\u0159\u00edve to bude mo\u017en\u00e9 (odkazy na vstupenky najdete <a href=\"https:\/\/officialsimpleplan.com\/tour\/\" target=\"_blank\" rel=\"noreferrer noopener\">zde<\/a>).<\/strong> Na turn\u00e9 \u010dek\u00e1 kluky jen hrstka dn\u016f volna a je proto ji\u017e velice nepravd\u011bpodobn\u00e9, \u017ee by p\u0159id\u00e1vali dal\u0161\u00ed koncertn\u00ed data. Tak co, uvid\u00edme se v Praze? <\/p>\n<div class=\"fblikebutton_button\" style=\"float: left; padding-top: 20px; margin-right: 20px; padding-bottom: 20px; padding-left: 20px;\"><iframe src=\"http:\/\/www.facebook.com\/plugins\/like.php?href=https%3A%2F%2Fwww.simpleplan.cz%2Fcz%2Findex.php%2Fevropske-turne-simple-plan-se-zacina-vyprodavat-kapela-pridala-dalsi-koncert-v-parizi%2F&amp;layout=standard&amp;show-faces=false&amp;width=450&amp;action=like&amp;colorscheme=light\" scrolling=\"no\" frameborder=\"0\" allowTransparency=\"true\" style=\"border:none; overflow:hidden; width:450px; height:26px\"><\/iframe><\/div>","protected":false},"excerpt":{"rendered":"<p>Nen\u00ed to ani m\u011bs\u00edc, co Simple Plan ozn\u00e1mili, \u017ee se v lednu a v \u00fanoru<\/p>\n","protected":false},"author":5,"featured_media":33137,"comment_status":"open","ping_status":"open","sticky":false,"template":"","format":"standard","meta":{"footnotes":"","fifu_image_url":"","fifu_image_alt":""},"categories":[36],"tags":[551,342,343,1742],"yoast_head":"<!-- This site is optimized with the Yoast SEO plugin v20.9 - https:\/\/yoast.com\/wordpress\/plugins\/seo\/ -->\n<title>Evropsk\u00e9 turn\u00e9 Simple Plan se za\u010d\u00edn\u00e1 vyprod\u00e1vat - kapela p\u0159idala dal\u0161\u00ed koncert v Pa\u0159\u00ed\u017ei | CZ: SimplePlan.cz<\/title>\n<meta name=\"robots\" content=\"index, follow, max-snippet:-1, max-image-preview:large, max-video-preview:-1\" \/>\n<link rel=\"canonical\" href=\"https:\/\/www.simpleplan.cz\/cz\/index.php\/evropske-turne-simple-plan-se-zacina-vyprodavat-kapela-pridala-dalsi-koncert-v-parizi\/\" \/>\n<meta property=\"og:locale\" content=\"cs_CZ\" \/>\n<meta property=\"og:type\" content=\"article\" \/>\n<meta property=\"og:title\" content=\"Evropsk\u00e9 turn\u00e9 Simple Plan se za\u010d\u00edn\u00e1 vyprod\u00e1vat - kapela p\u0159idala dal\u0161\u00ed koncert v Pa\u0159\u00ed\u017ei | CZ: SimplePlan.cz\" \/>\n<meta property=\"og:description\" content=\"Nen\u00ed to ani m\u011bs\u00edc, co Simple Plan ozn\u00e1mili, \u017ee se v lednu a v \u00fanoru\" \/>\n<meta property=\"og:url\" content=\"https:\/\/www.simpleplan.cz\/cz\/index.php\/evropske-turne-simple-plan-se-zacina-vyprodavat-kapela-pridala-dalsi-koncert-v-parizi\/\" \/>\n<meta property=\"og:site_name\" content=\"CZ: SimplePlan.cz\" \/>\n<meta property=\"article:publisher\" content=\"http:\/\/www.facebook.com\/simpleplancz\" \/>\n<meta property=\"article:published_time\" content=\"2023-08-18T15:06:24+00:00\" \/>\n<meta property=\"article:modified_time\" content=\"2023-08-18T15:24:05+00:00\" \/>\n<meta property=\"og:image\" content=\"https:\/\/www.simpleplan.cz\/cz\/wp-content\/uploads\/euro-tour.png\" \/>\n\t<meta property=\"og:image:width\" content=\"670\" \/>\n\t<meta property=\"og:image:height\" content=\"300\" \/>\n\t<meta property=\"og:image:type\" content=\"image\/png\" \/>\n<meta name=\"author\" content=\"Dominika\" \/>\n<meta name=\"twitter:card\" content=\"summary_large_image\" \/>\n<meta name=\"twitter:creator\" content=\"@simpleplancz\" \/>\n<meta name=\"twitter:site\" content=\"@simpleplancz\" \/>\n<meta name=\"twitter:label1\" content=\"Napsal(a)\" \/>\n\t<meta name=\"twitter:data1\" content=\"Dominika\" \/>\n\t<meta name=\"twitter:label2\" content=\"Odhadovan\u00e1 doba \u010dten\u00ed\" \/>\n\t<meta name=\"twitter:data2\" content=\"2 minuty\" \/>\n<script type=\"application\/ld+json\" class=\"yoast-schema-graph\">{\"@context\":\"https:\/\/schema.org\",\"@graph\":[{\"@type\":\"Article\",\"@id\":\"https:\/\/www.simpleplan.cz\/cz\/index.php\/evropske-turne-simple-plan-se-zacina-vyprodavat-kapela-pridala-dalsi-koncert-v-parizi\/#article\",\"isPartOf\":{\"@id\":\"https:\/\/www.simpleplan.cz\/cz\/index.php\/evropske-turne-simple-plan-se-zacina-vyprodavat-kapela-pridala-dalsi-koncert-v-parizi\/\"},\"author\":{\"name\":\"Dominika\",\"@id\":\"https:\/\/www.simpleplan.cz\/cz\/#\/schema\/person\/bb90dd25f4baab7793fc73ab0b783730\"},\"headline\":\"Evropsk\u00e9 turn\u00e9 Simple Plan se za\u010d\u00edn\u00e1 vyprod\u00e1vat &#8211; kapela p\u0159idala dal\u0161\u00ed koncert v Pa\u0159\u00ed\u017ei\",\"datePublished\":\"2023-08-18T15:06:24+00:00\",\"dateModified\":\"2023-08-18T15:24:05+00:00\",\"mainEntityOfPage\":{\"@id\":\"https:\/\/www.simpleplan.cz\/cz\/index.php\/evropske-turne-simple-plan-se-zacina-vyprodavat-kapela-pridala-dalsi-koncert-v-parizi\/\"},\"wordCount\":201,\"commentCount\":0,\"publisher\":{\"@id\":\"https:\/\/www.simpleplan.cz\/cz\/#organization\"},\"keywords\":[\"Evropsk\u00e9 turn\u00e9\",\"Francie\",\"Pa\u0159\u00ed\u017e\",\"vyprod\u00e1no\"],\"articleSection\":[\"nezalo\u017eeno\"],\"inLanguage\":\"cs\",\"potentialAction\":[{\"@type\":\"CommentAction\",\"name\":\"Comment\",\"target\":[\"https:\/\/www.simpleplan.cz\/cz\/index.php\/evropske-turne-simple-plan-se-zacina-vyprodavat-kapela-pridala-dalsi-koncert-v-parizi\/#respond\"]}]},{\"@type\":\"WebPage\",\"@id\":\"https:\/\/www.simpleplan.cz\/cz\/index.php\/evropske-turne-simple-plan-se-zacina-vyprodavat-kapela-pridala-dalsi-koncert-v-parizi\/\",\"url\":\"https:\/\/www.simpleplan.cz\/cz\/index.php\/evropske-turne-simple-plan-se-zacina-vyprodavat-kapela-pridala-dalsi-koncert-v-parizi\/\",\"name\":\"Evropsk\u00e9 turn\u00e9 Simple Plan se za\u010d\u00edn\u00e1 vyprod\u00e1vat - kapela p\u0159idala dal\u0161\u00ed koncert v Pa\u0159\u00ed\u017ei | CZ: SimplePlan.cz\",\"isPartOf\":{\"@id\":\"https:\/\/www.simpleplan.cz\/cz\/#website\"},\"datePublished\":\"2023-08-18T15:06:24+00:00\",\"dateModified\":\"2023-08-18T15:24:05+00:00\",\"breadcrumb\":{\"@id\":\"https:\/\/www.simpleplan.cz\/cz\/index.php\/evropske-turne-simple-plan-se-zacina-vyprodavat-kapela-pridala-dalsi-koncert-v-parizi\/#breadcrumb\"},\"inLanguage\":\"cs\",\"potentialAction\":[{\"@type\":\"ReadAction\",\"target\":[\"https:\/\/www.simpleplan.cz\/cz\/index.php\/evropske-turne-simple-plan-se-zacina-vyprodavat-kapela-pridala-dalsi-koncert-v-parizi\/\"]}]},{\"@type\":\"BreadcrumbList\",\"@id\":\"https:\/\/www.simpleplan.cz\/cz\/index.php\/evropske-turne-simple-plan-se-zacina-vyprodavat-kapela-pridala-dalsi-koncert-v-parizi\/#breadcrumb\",\"itemListElement\":[{\"@type\":\"ListItem\",\"position\":1,\"name\":\"Dom\u016f\",\"item\":\"https:\/\/www.simpleplan.cz\/cz\/\"},{\"@type\":\"ListItem\",\"position\":2,\"name\":\"nezalo\u017eeno\",\"item\":\"https:\/\/www.simpleplan.cz\/cz\/index.php\/category\/nezalozeno\/\"},{\"@type\":\"ListItem\",\"position\":3,\"name\":\"Evropsk\u00e9 turn\u00e9 Simple Plan se za\u010d\u00edn\u00e1 vyprod\u00e1vat &#8211; kapela p\u0159idala dal\u0161\u00ed koncert v Pa\u0159\u00ed\u017ei\"}]},{\"@type\":\"WebSite\",\"@id\":\"https:\/\/www.simpleplan.cz\/cz\/#website\",\"url\":\"https:\/\/www.simpleplan.cz\/cz\/\",\"name\":\"CZ: SimplePlan.cz\",\"description\":\"Nejlep\u0161\u00ed zdroj informac\u00ed o kapele Simple Plan\",\"publisher\":{\"@id\":\"https:\/\/www.simpleplan.cz\/cz\/#organization\"},\"potentialAction\":[{\"@type\":\"SearchAction\",\"target\":{\"@type\":\"EntryPoint\",\"urlTemplate\":\"https:\/\/www.simpleplan.cz\/cz\/?s={search_term_string}\"},\"query-input\":\"required name=search_term_string\"}],\"inLanguage\":\"cs\"},{\"@type\":\"Organization\",\"@id\":\"https:\/\/www.simpleplan.cz\/cz\/#organization\",\"name\":\"CZ: SimplePlan.cz\",\"url\":\"https:\/\/www.simpleplan.cz\/cz\/\",\"logo\":{\"@type\":\"ImageObject\",\"inLanguage\":\"cs\",\"@id\":\"https:\/\/www.simpleplan.cz\/cz\/#\/schema\/logo\/image\/\",\"url\":\"https:\/\/www.simpleplan.cz\/cz\/wp-content\/uploads\/spczlogo.png\",\"contentUrl\":\"https:\/\/www.simpleplan.cz\/cz\/wp-content\/uploads\/spczlogo.png\",\"width\":250,\"height\":190,\"caption\":\"CZ: SimplePlan.cz\"},\"image\":{\"@id\":\"https:\/\/www.simpleplan.cz\/cz\/#\/schema\/logo\/image\/\"},\"sameAs\":[\"http:\/\/www.facebook.com\/simpleplancz\",\"https:\/\/twitter.com\/simpleplancz\",\"http:\/\/www.instagram.com\/simpleplancz\",\"http:\/\/www.youtube.com\/simpleplancz\"]},{\"@type\":\"Person\",\"@id\":\"https:\/\/www.simpleplan.cz\/cz\/#\/schema\/person\/bb90dd25f4baab7793fc73ab0b783730\",\"name\":\"Dominika\",\"image\":{\"@type\":\"ImageObject\",\"inLanguage\":\"cs\",\"@id\":\"https:\/\/www.simpleplan.cz\/cz\/#\/schema\/person\/image\/\",\"url\":\"https:\/\/secure.gravatar.com\/avatar\/de55cb16a8578d56e96c89d1a0af3db5?s=96&d=mm&r=g\",\"contentUrl\":\"https:\/\/secure.gravatar.com\/avatar\/de55cb16a8578d56e96c89d1a0af3db5?s=96&d=mm&r=g\",\"caption\":\"Dominika\"},\"sameAs\":[\"http:\/\/www.simpleplan.cz\"],\"url\":\"https:\/\/www.simpleplan.cz\/cz\/index.php\/author\/admin-2\/\"}]}<\/script>\n<!-- \/ Yoast SEO plugin. -->","yoast_head_json":{"title":"Evropsk\u00e9 turn\u00e9 Simple Plan se za\u010d\u00edn\u00e1 vyprod\u00e1vat - kapela p\u0159idala dal\u0161\u00ed koncert v Pa\u0159\u00ed\u017ei | CZ: SimplePlan.cz","robots":{"index":"index","follow":"follow","max-snippet":"max-snippet:-1","max-image-preview":"max-image-preview:large","max-video-preview":"max-video-preview:-1"},"canonical":"https:\/\/www.simpleplan.cz\/cz\/index.php\/evropske-turne-simple-plan-se-zacina-vyprodavat-kapela-pridala-dalsi-koncert-v-parizi\/","og_locale":"cs_CZ","og_type":"article","og_title":"Evropsk\u00e9 turn\u00e9 Simple Plan se za\u010d\u00edn\u00e1 vyprod\u00e1vat - kapela p\u0159idala dal\u0161\u00ed koncert v Pa\u0159\u00ed\u017ei | CZ: SimplePlan.cz","og_description":"Nen\u00ed to ani m\u011bs\u00edc, co Simple Plan ozn\u00e1mili, \u017ee se v lednu a v \u00fanoru","og_url":"https:\/\/www.simpleplan.cz\/cz\/index.php\/evropske-turne-simple-plan-se-zacina-vyprodavat-kapela-pridala-dalsi-koncert-v-parizi\/","og_site_name":"CZ: SimplePlan.cz","article_publisher":"http:\/\/www.facebook.com\/simpleplancz","article_published_time":"2023-08-18T15:06:24+00:00","article_modified_time":"2023-08-18T15:24:05+00:00","og_image":[{"width":670,"height":300,"url":"https:\/\/www.simpleplan.cz\/cz\/wp-content\/uploads\/euro-tour.png","type":"image\/png"}],"author":"Dominika","twitter_card":"summary_large_image","twitter_creator":"@simpleplancz","twitter_site":"@simpleplancz","twitter_misc":{"Napsal(a)":"Dominika","Odhadovan\u00e1 doba \u010dten\u00ed":"2 minuty"},"schema":{"@context":"https:\/\/schema.org","@graph":[{"@type":"Article","@id":"https:\/\/www.simpleplan.cz\/cz\/index.php\/evropske-turne-simple-plan-se-zacina-vyprodavat-kapela-pridala-dalsi-koncert-v-parizi\/#article","isPartOf":{"@id":"https:\/\/www.simpleplan.cz\/cz\/index.php\/evropske-turne-simple-plan-se-zacina-vyprodavat-kapela-pridala-dalsi-koncert-v-parizi\/"},"author":{"name":"Dominika","@id":"https:\/\/www.simpleplan.cz\/cz\/#\/schema\/person\/bb90dd25f4baab7793fc73ab0b783730"},"headline":"Evropsk\u00e9 turn\u00e9 Simple Plan se za\u010d\u00edn\u00e1 vyprod\u00e1vat &#8211; kapela p\u0159idala dal\u0161\u00ed koncert v Pa\u0159\u00ed\u017ei","datePublished":"2023-08-18T15:06:24+00:00","dateModified":"2023-08-18T15:24:05+00:00","mainEntityOfPage":{"@id":"https:\/\/www.simpleplan.cz\/cz\/index.php\/evropske-turne-simple-plan-se-zacina-vyprodavat-kapela-pridala-dalsi-koncert-v-parizi\/"},"wordCount":201,"commentCount":0,"publisher":{"@id":"https:\/\/www.simpleplan.cz\/cz\/#organization"},"keywords":["Evropsk\u00e9 turn\u00e9","Francie","Pa\u0159\u00ed\u017e","vyprod\u00e1no"],"articleSection":["nezalo\u017eeno"],"inLanguage":"cs","potentialAction":[{"@type":"CommentAction","name":"Comment","target":["https:\/\/www.simpleplan.cz\/cz\/index.php\/evropske-turne-simple-plan-se-zacina-vyprodavat-kapela-pridala-dalsi-koncert-v-parizi\/#respond"]}]},{"@type":"WebPage","@id":"https:\/\/www.simpleplan.cz\/cz\/index.php\/evropske-turne-simple-plan-se-zacina-vyprodavat-kapela-pridala-dalsi-koncert-v-parizi\/","url":"https:\/\/www.simpleplan.cz\/cz\/index.php\/evropske-turne-simple-plan-se-zacina-vyprodavat-kapela-pridala-dalsi-koncert-v-parizi\/","name":"Evropsk\u00e9 turn\u00e9 Simple Plan se za\u010d\u00edn\u00e1 vyprod\u00e1vat - kapela p\u0159idala dal\u0161\u00ed koncert v Pa\u0159\u00ed\u017ei | CZ: SimplePlan.cz","isPartOf":{"@id":"https:\/\/www.simpleplan.cz\/cz\/#website"},"datePublished":"2023-08-18T15:06:24+00:00","dateModified":"2023-08-18T15:24:05+00:00","breadcrumb":{"@id":"https:\/\/www.simpleplan.cz\/cz\/index.php\/evropske-turne-simple-plan-se-zacina-vyprodavat-kapela-pridala-dalsi-koncert-v-parizi\/#breadcrumb"},"inLanguage":"cs","potentialAction":[{"@type":"ReadAction","target":["https:\/\/www.simpleplan.cz\/cz\/index.php\/evropske-turne-simple-plan-se-zacina-vyprodavat-kapela-pridala-dalsi-koncert-v-parizi\/"]}]},{"@type":"BreadcrumbList","@id":"https:\/\/www.simpleplan.cz\/cz\/index.php\/evropske-turne-simple-plan-se-zacina-vyprodavat-kapela-pridala-dalsi-koncert-v-parizi\/#breadcrumb","itemListElement":[{"@type":"ListItem","position":1,"name":"Dom\u016f","item":"https:\/\/www.simpleplan.cz\/cz\/"},{"@type":"ListItem","position":2,"name":"nezalo\u017eeno","item":"https:\/\/www.simpleplan.cz\/cz\/index.php\/category\/nezalozeno\/"},{"@type":"ListItem","position":3,"name":"Evropsk\u00e9 turn\u00e9 Simple Plan se za\u010d\u00edn\u00e1 vyprod\u00e1vat &#8211; kapela p\u0159idala dal\u0161\u00ed koncert v Pa\u0159\u00ed\u017ei"}]},{"@type":"WebSite","@id":"https:\/\/www.simpleplan.cz\/cz\/#website","url":"https:\/\/www.simpleplan.cz\/cz\/","name":"CZ: SimplePlan.cz","description":"Nejlep\u0161\u00ed zdroj informac\u00ed o kapele Simple Plan","publisher":{"@id":"https:\/\/www.simpleplan.cz\/cz\/#organization"},"potentialAction":[{"@type":"SearchAction","target":{"@type":"EntryPoint","urlTemplate":"https:\/\/www.simpleplan.cz\/cz\/?s={search_term_string}"},"query-input":"required name=search_term_string"}],"inLanguage":"cs"},{"@type":"Organization","@id":"https:\/\/www.simpleplan.cz\/cz\/#organization","name":"CZ: SimplePlan.cz","url":"https:\/\/www.simpleplan.cz\/cz\/","logo":{"@type":"ImageObject","inLanguage":"cs","@id":"https:\/\/www.simpleplan.cz\/cz\/#\/schema\/logo\/image\/","url":"https:\/\/www.simpleplan.cz\/cz\/wp-content\/uploads\/spczlogo.png","contentUrl":"https:\/\/www.simpleplan.cz\/cz\/wp-content\/uploads\/spczlogo.png","width":250,"height":190,"caption":"CZ: SimplePlan.cz"},"image":{"@id":"https:\/\/www.simpleplan.cz\/cz\/#\/schema\/logo\/image\/"},"sameAs":["http:\/\/www.facebook.com\/simpleplancz","https:\/\/twitter.com\/simpleplancz","http:\/\/www.instagram.com\/simpleplancz","http:\/\/www.youtube.com\/simpleplancz"]},{"@type":"Person","@id":"https:\/\/www.simpleplan.cz\/cz\/#\/schema\/person\/bb90dd25f4baab7793fc73ab0b783730","name":"Dominika","image":{"@type":"ImageObject","inLanguage":"cs","@id":"https:\/\/www.simpleplan.cz\/cz\/#\/schema\/person\/image\/","url":"https:\/\/secure.gravatar.com\/avatar\/de55cb16a8578d56e96c89d1a0af3db5?s=96&d=mm&r=g","contentUrl":"https:\/\/secure.gravatar.com\/avatar\/de55cb16a8578d56e96c89d1a0af3db5?s=96&d=mm&r=g","caption":"Dominika"},"sameAs":["http:\/\/www.simpleplan.cz"],"url":"https:\/\/www.simpleplan.cz\/cz\/index.php\/author\/admin-2\/"}]}},"featured_image_urls":{"full":["https:\/\/www.simpleplan.cz\/cz\/wp-content\/uploads\/euro-tour.png",670,300,false],"thumbnail":["https:\/\/www.simpleplan.cz\/cz\/wp-content\/uploads\/euro-tour-150x150.png",150,150,true],"medium":["https:\/\/www.simpleplan.cz\/cz\/wp-content\/uploads\/euro-tour-300x134.png",300,134,true],"medium_large":["https:\/\/www.simpleplan.cz\/cz\/wp-content\/uploads\/euro-tour.png",640,287,false],"large":["https:\/\/www.simpleplan.cz\/cz\/wp-content\/uploads\/euro-tour.png",640,287,false],"1536x1536":["https:\/\/www.simpleplan.cz\/cz\/wp-content\/uploads\/euro-tour.png",670,300,false],"2048x2048":["https:\/\/www.simpleplan.cz\/cz\/wp-content\/uploads\/euro-tour.png",670,300,false],"elegant-magazine-featured":["https:\/\/www.simpleplan.cz\/cz\/wp-content\/uploads\/euro-tour.png",670,300,false],"elegant-magazine-medium":["https:\/\/www.simpleplan.cz\/cz\/wp-content\/uploads\/euro-tour.png",670,300,false],"elegant-magazine-medium-small":["https:\/\/www.simpleplan.cz\/cz\/wp-content\/uploads\/euro-tour.png",300,134,false],"elegant-magazine-thumbnail-small":["https:\/\/www.simpleplan.cz\/cz\/wp-content\/uploads\/euro-tour.png",50,22,false]},"author_info":{"display_name":"Dominika","author_link":"https:\/\/www.simpleplan.cz\/cz\/index.php\/author\/admin-2\/"},"category_info":"<a href=\"https:\/\/www.simpleplan.cz\/cz\/index.php\/category\/nezalozeno\/\" rel=\"category tag\">nezalo\u017eeno<\/a>","tag_info":"nezalo\u017eeno","comment_count":"0","_links":{"self":[{"href":"https:\/\/www.simpleplan.cz\/cz\/index.php\/wp-json\/wp\/v2\/posts\/33146"}],"collection":[{"href":"https:\/\/www.simpleplan.cz\/cz\/index.php\/wp-json\/wp\/v2\/posts"}],"about":[{"href":"https:\/\/www.simpleplan.cz\/cz\/index.php\/wp-json\/wp\/v2\/types\/post"}],"author":[{"embeddable":true,"href":"https:\/\/www.simpleplan.cz\/cz\/index.php\/wp-json\/wp\/v2\/users\/5"}],"replies":[{"embeddable":true,"href":"https:\/\/www.simpleplan.cz\/cz\/index.php\/wp-json\/wp\/v2\/comments?post=33146"}],"version-history":[{"count":2,"href":"https:\/\/www.simpleplan.cz\/cz\/index.php\/wp-json\/wp\/v2\/posts\/33146\/revisions"}],"predecessor-version":[{"id":33149,"href":"https:\/\/www.simpleplan.cz\/cz\/index.php\/wp-json\/wp\/v2\/posts\/33146\/revisions\/33149"}],"wp:featuredmedia":[{"embeddable":true,"href":"https:\/\/www.simpleplan.cz\/cz\/index.php\/wp-json\/wp\/v2\/media\/33137"}],"wp:attachment":[{"href":"https:\/\/www.simpleplan.cz\/cz\/index.php\/wp-json\/wp\/v2\/media?parent=33146"}],"wp:term":[{"taxonomy":"category","embeddable":true,"href":"https:\/\/www.simpleplan.cz\/cz\/index.php\/wp-json\/wp\/v2\/categories?post=33146"},{"taxonomy":"post_tag","embeddable":true,"href":"https:\/\/www.simpleplan.cz\/cz\/index.php\/wp-json\/wp\/v2\/tags?post=33146"}],"curies":[{"name":"wp","href":"https:\/\/api.w.org\/{rel}","templated":true}]}}