{"id":33495,"date":"2025-08-30T19:26:41","date_gmt":"2025-08-30T17:26:41","guid":{"rendered":"https:\/\/www.simpleplan.cz\/cz\/?p=33495"},"modified":"2025-08-30T19:33:45","modified_gmt":"2025-08-30T17:33:45","slug":"jeff-stinco-odhaluje-simple-plan-planuji-nahrat-nove-album-do-brezna","status":"publish","type":"post","link":"https:\/\/www.simpleplan.cz\/cz\/index.php\/jeff-stinco-odhaluje-simple-plan-planuji-nahrat-nove-album-do-brezna\/","title":{"rendered":"Jeff Stinco odhaluje: Simple Plan pl\u00e1nuj\u00ed nahr\u00e1t nov\u00e9 album do b\u0159ezna!"},"content":{"rendered":"\t\t<div data-elementor-type=\"wp-post\" data-elementor-id=\"33495\" class=\"elementor elementor-33495\">\n\t\t\t\t\t\t<section class=\"elementor-section elementor-top-section elementor-element elementor-element-fbd7985 elementor-section-boxed elementor-section-height-default elementor-section-height-default\" data-id=\"fbd7985\" data-element_type=\"section\">\n\t\t\t\t\t\t<div class=\"elementor-container elementor-column-gap-default\">\n\t\t\t\t\t<div class=\"elementor-column elementor-col-100 elementor-top-column elementor-element elementor-element-4766282\" data-id=\"4766282\" data-element_type=\"column\">\n\t\t\t<div class=\"elementor-widget-wrap elementor-element-populated\">\n\t\t\t\t\t\t<div class=\"elementor-element elementor-element-ed323ad elementor-widget elementor-widget-image\" data-id=\"ed323ad\" data-element_type=\"widget\" data-widget_type=\"image.default\">\n\t\t\t\t<div class=\"elementor-widget-container\">\n\t\t\t\t\t\t\t\t\t\t\t\t\t\t\t<img fetchpriority=\"high\" decoding=\"async\" width=\"640\" height=\"287\" src=\"https:\/\/www.simpleplan.cz\/cz\/wp-content\/uploads\/jeff-1024x459.jpg\" class=\"attachment-large size-large wp-image-33498\" alt=\"\" srcset=\"https:\/\/www.simpleplan.cz\/cz\/wp-content\/uploads\/jeff-1024x459.jpg 1024w, https:\/\/www.simpleplan.cz\/cz\/wp-content\/uploads\/jeff-300x134.jpg 300w, https:\/\/www.simpleplan.cz\/cz\/wp-content\/uploads\/jeff-768x344.jpg 768w, https:\/\/www.simpleplan.cz\/cz\/wp-content\/uploads\/jeff.jpg 1045w\" sizes=\"(max-width: 640px) 100vw, 640px\" \/>\t\t\t\t\t\t\t\t\t\t\t\t\t\t\t<\/div>\n\t\t\t\t<\/div>\n\t\t\t\t\t<\/div>\n\t\t<\/div>\n\t\t\t\t\t<\/div>\n\t\t<\/section>\n\t\t\t\t<section class=\"elementor-section elementor-top-section elementor-element elementor-element-527ac88 elementor-section-boxed elementor-section-height-default elementor-section-height-default\" data-id=\"527ac88\" data-element_type=\"section\">\n\t\t\t\t\t\t<div class=\"elementor-container elementor-column-gap-default\">\n\t\t\t\t\t<div class=\"elementor-column elementor-col-100 elementor-top-column elementor-element elementor-element-3639432\" data-id=\"3639432\" data-element_type=\"column\">\n\t\t\t<div class=\"elementor-widget-wrap elementor-element-populated\">\n\t\t\t\t\t\t<div class=\"elementor-element elementor-element-0b0e7b5 elementor-widget elementor-widget-text-editor\" data-id=\"0b0e7b5\" data-element_type=\"widget\" data-widget_type=\"text-editor.default\">\n\t\t\t\t<div class=\"elementor-widget-container\">\n\t\t\t\t\t\t\t\t\t<p data-start=\"254\" data-end=\"455\">V nov\u00e9m rozhovoru\u00a0<em data-start=\"276\" data-end=\"309\">The Joel Martin Mastery Podcast<\/em> kytarista Simple Plan\u00a0<strong data-start=\"320\" data-end=\"335\">Jeff Stinco<\/strong> otev\u0159en\u011b mluv\u00ed nejen o nejnov\u011bj\u0161\u00edm singlu &#8218;<em data-start=\"378\" data-end=\"395\">Nothing Changes&#8216;<\/em>, ale hlavn\u011b o budouc\u00edch pl\u00e1nech kapely ohledn\u011b vyd\u00e1n\u00ed nov\u00e9 muziky.<\/p><p data-start=\"457\" data-end=\"724\">Jeff vysv\u011btlil, \u017ee nahr\u00e1v\u00e1n\u00ed <em data-start=\"486\" data-end=\"503\">Nothing Changes<\/em> bylo pro Simple Plan jakousi formou terapie a z\u00e1rove\u0148 jim uk\u00e1zalo, \u017ee ve studiu st\u00e1le mohou pracovat efektivn\u011b, ani\u017e by je paralyzovala touha po dokonalosti \u2013 nehled\u011b na m\u011bs\u00edce str\u00e1ven\u00e9 dola\u010fov\u00e1n\u00edm, jako tomu bylo d\u0159\u00edve:<\/p>\t\t\t\t\t\t\t\t<\/div>\n\t\t\t\t<\/div>\n\t\t\t\t\t<\/div>\n\t\t<\/div>\n\t\t\t\t\t<\/div>\n\t\t<\/section>\n\t\t\t\t<section class=\"elementor-section elementor-top-section elementor-element elementor-element-53f0492 elementor-section-boxed elementor-section-height-default elementor-section-height-default\" data-id=\"53f0492\" data-element_type=\"section\">\n\t\t\t\t\t\t<div class=\"elementor-container elementor-column-gap-default\">\n\t\t\t\t\t<div class=\"elementor-column elementor-col-100 elementor-top-column elementor-element elementor-element-1dc9168\" data-id=\"1dc9168\" data-element_type=\"column\">\n\t\t\t<div class=\"elementor-widget-wrap elementor-element-populated\">\n\t\t\t\t\t\t<div class=\"elementor-element elementor-element-f012e1e elementor-widget elementor-widget-testimonial\" data-id=\"f012e1e\" data-element_type=\"widget\" data-widget_type=\"testimonial.default\">\n\t\t\t\t<div class=\"elementor-widget-container\">\n\t\t\t\t\t\t\t<div class=\"elementor-testimonial-wrapper\">\n\t\t\t\t\t\t\t<div class=\"elementor-testimonial-content\"><span style=\"font-family: &quot;Open Sans&quot;, sans-serif; font-size: 20.8px;\">\u201e\u201aNothing Changes\u2018 bylo pro n\u00e1s takovou terapi\u00ed, proto\u017ee jsme m\u011bli tr\u00e9mu. Byli jsme nerv\u00f3zn\u00ed, \u017ee se zase vrhneme do studia. Nev\u011bd\u011bli jsme, jestli je\u0161t\u011b fungujeme jako kapela natolik, abychom v\u016fbec zvl\u00e1dli za kr\u00e1tkou dobu napsat a nahr\u00e1t song, proto\u017ee jsme perfekcionist\u00e9 a\u017e do \u00farovn\u011b, \u017ee n\u00e1s to v paralyzuje. Ale d\u00e1t si dva dny na to, abychom napsali, nahr\u00e1li a sm\u00edchali skladbu? To bylo osvobozuj\u00edc\u00ed!\u201c<\/span><span style=\"font-family: &quot;Open Sans&quot;, sans-serif; font-size: 20.8px;\"><\/span><\/div>\n\t\t\t\n\t\t\t\t\t\t<div class=\"elementor-testimonial-meta elementor-has-image elementor-testimonial-image-position-aside\">\n\t\t\t\t<div class=\"elementor-testimonial-meta-inner\">\n\t\t\t\t\t\t\t\t\t\t\t<div class=\"elementor-testimonial-image\">\n\t\t\t\t\t\t\t<img decoding=\"async\" width=\"500\" height=\"700\" src=\"https:\/\/www.simpleplan.cz\/cz\/wp-content\/uploads\/member_jeff.jpg\" class=\"attachment-full size-full wp-image-33499\" alt=\"\" srcset=\"https:\/\/www.simpleplan.cz\/cz\/wp-content\/uploads\/member_jeff.jpg 500w, https:\/\/www.simpleplan.cz\/cz\/wp-content\/uploads\/member_jeff-214x300.jpg 214w\" sizes=\"(max-width: 500px) 100vw, 500px\" \/>\t\t\t\t\t\t<\/div>\n\t\t\t\t\t\n\t\t\t\t\t\t\t\t\t\t<div class=\"elementor-testimonial-details\">\n\t\t\t\t\t\t\t\t\t\t\t\t\t\t<div class=\"elementor-testimonial-name\">Jeff Stinco<\/div>\n\t\t\t\t\t\t\t\t\t\t\t\t\t\t\t\t\t\t\t\t\t\t<div class=\"elementor-testimonial-job\">kytarista Simple Plan<\/div>\n\t\t\t\t\t\t\t\t\t\t\t\t\t<\/div>\n\t\t\t\t\t\t\t\t\t<\/div>\n\t\t\t<\/div>\n\t\t\t\t\t<\/div>\n\t\t\t\t\t\t<\/div>\n\t\t\t\t<\/div>\n\t\t\t\t\t<\/div>\n\t\t<\/div>\n\t\t\t\t\t<\/div>\n\t\t<\/section>\n\t\t\t\t<section class=\"elementor-section elementor-top-section elementor-element elementor-element-d1890ac elementor-section-boxed elementor-section-height-default elementor-section-height-default\" data-id=\"d1890ac\" data-element_type=\"section\">\n\t\t\t\t\t\t<div class=\"elementor-container elementor-column-gap-default\">\n\t\t\t\t\t<div class=\"elementor-column elementor-col-100 elementor-top-column elementor-element elementor-element-375dc0b\" data-id=\"375dc0b\" data-element_type=\"column\">\n\t\t\t<div class=\"elementor-widget-wrap elementor-element-populated\">\n\t\t\t\t\t\t<div class=\"elementor-element elementor-element-edfdf5a elementor-widget elementor-widget-text-editor\" data-id=\"edfdf5a\" data-element_type=\"widget\" data-widget_type=\"text-editor.default\">\n\t\t\t\t<div class=\"elementor-widget-container\">\n\t\t\t\t\t\t\t\t\t<p data-start=\"1131\" data-end=\"1348\">Podle Jeffa si tahle zku\u0161enost potvrdila, \u017ee <strong data-start=\"1176\" data-end=\"1236\">nen\u00ed t\u0159eba tr\u00e1vit \u0161est m\u011bs\u00edc\u016f posedlost\u00ed ka\u017ed\u00fdm detailem<\/strong>, aby vznikla kvalitn\u00ed muzika. A to nejzaj\u00edmav\u011bj\u0161\u00ed \u2013 Jeff odhalil i konkr\u00e9tn\u00ed pl\u00e1n kapely na n\u00e1sleduj\u00edc\u00ed m\u011bs\u00edce:<\/p>\t\t\t\t\t\t\t\t<\/div>\n\t\t\t\t<\/div>\n\t\t\t\t<div class=\"elementor-element elementor-element-b982622 elementor-widget elementor-widget-testimonial\" data-id=\"b982622\" data-element_type=\"widget\" data-widget_type=\"testimonial.default\">\n\t\t\t\t<div class=\"elementor-widget-container\">\n\t\t\t\t\t\t\t<div class=\"elementor-testimonial-wrapper\">\n\t\t\t\t\t\t\t<div class=\"elementor-testimonial-content\"><span style=\"margin: 0px; padding: 0px; border: 0px; font-size: 20.8px; vertical-align: baseline; font-family: &quot;Open Sans&quot;, sans-serif;\">\u201ePo evropsk\u00e9m turn\u00e9 s The Offspring si d\u00e1me pauzu \u2013 pravd\u011bpodobn\u011b v pr\u016fb\u011bhu prosince. <span style=\"margin: 0px; padding: 0px; border: 0px; vertical-align: baseline; font-weight: 700;\">A pak m\u00e1me \u010das do b\u0159ezna, abychom ud\u011blali nov\u00e9 album. <\/span>Pl\u00e1n je vstoupit do studia, napsat co nejv\u00edc p\u00edsn\u00ed a prost\u011b to d\u00e1t dohromady. Mysl\u00edm, \u017ee je to rozhodn\u011b mo\u017en\u00e9.\u201c<\/span><span style=\"font-family: &quot;Open Sans&quot;, sans-serif; font-size: 20.8px;\"><\/span><\/div>\n\t\t\t\n\t\t\t\t\t\t<div class=\"elementor-testimonial-meta elementor-has-image elementor-testimonial-image-position-aside\">\n\t\t\t\t<div class=\"elementor-testimonial-meta-inner\">\n\t\t\t\t\t\t\t\t\t\t\t<div class=\"elementor-testimonial-image\">\n\t\t\t\t\t\t\t<img decoding=\"async\" width=\"500\" height=\"700\" src=\"https:\/\/www.simpleplan.cz\/cz\/wp-content\/uploads\/member_jeff.jpg\" class=\"attachment-full size-full wp-image-33499\" alt=\"\" srcset=\"https:\/\/www.simpleplan.cz\/cz\/wp-content\/uploads\/member_jeff.jpg 500w, https:\/\/www.simpleplan.cz\/cz\/wp-content\/uploads\/member_jeff-214x300.jpg 214w\" sizes=\"(max-width: 500px) 100vw, 500px\" \/>\t\t\t\t\t\t<\/div>\n\t\t\t\t\t\n\t\t\t\t\t\t\t\t\t\t<div class=\"elementor-testimonial-details\">\n\t\t\t\t\t\t\t\t\t\t\t\t\t\t<div class=\"elementor-testimonial-name\">Jeff Stinco<\/div>\n\t\t\t\t\t\t\t\t\t\t\t\t\t\t\t\t\t\t\t\t\t\t<div class=\"elementor-testimonial-job\">kytarista Simple Plan<\/div>\n\t\t\t\t\t\t\t\t\t\t\t\t\t<\/div>\n\t\t\t\t\t\t\t\t\t<\/div>\n\t\t\t<\/div>\n\t\t\t\t\t<\/div>\n\t\t\t\t\t\t<\/div>\n\t\t\t\t<\/div>\n\t\t\t\t\t<\/div>\n\t\t<\/div>\n\t\t\t\t\t<\/div>\n\t\t<\/section>\n\t\t\t\t<section class=\"elementor-section elementor-top-section elementor-element elementor-element-f75b578 elementor-section-boxed elementor-section-height-default elementor-section-height-default\" data-id=\"f75b578\" data-element_type=\"section\">\n\t\t\t\t\t\t<div class=\"elementor-container elementor-column-gap-default\">\n\t\t\t\t\t<div class=\"elementor-column elementor-col-100 elementor-top-column elementor-element elementor-element-8b8d566\" data-id=\"8b8d566\" data-element_type=\"column\">\n\t\t\t<div class=\"elementor-widget-wrap elementor-element-populated\">\n\t\t\t\t\t\t<div class=\"elementor-element elementor-element-8cf1bf2 elementor-widget elementor-widget-text-editor\" data-id=\"8cf1bf2\" data-element_type=\"widget\" data-widget_type=\"text-editor.default\">\n\t\t\t\t<div class=\"elementor-widget-container\">\n\t\t\t\t\t\t\t\t\t<p data-start=\"1597\" data-end=\"1963\">To znamen\u00e1, \u017ee pokud v\u0161e p\u016fjde podle pl\u00e1nu,\u00a0<strong data-start=\"1641\" data-end=\"1704\">Simple Plan by mohli m\u00edt nov\u00e9 album nahran\u00e9 u\u017e na ja\u0159e 2026<\/strong>! A kdy\u017e k tomu p\u0159ipo\u010d\u00edt\u00e1me n\u011bkolik m\u011bs\u00edc\u016f na postprodukci a p\u0159\u00edpravu promo materi\u00e1l\u016f, re\u00e1ln\u00fd term\u00edn vyd\u00e1n\u00ed by st\u00e1le mohl padnout na rok 2026. Ostatn\u011b z\u00e1rove\u0148 v\u00edme, \u017ee jejich posledn\u00ed deska (<em data-start=\"1900\" data-end=\"1922\">Harder Than It Looks<\/em>) vy\u0161la ji\u017e p\u0159ed t\u0159emi lety, v roce 2022.<\/p><p>Na co se nejv\u00edce t\u011b\u0161\u00edte v r\u00e1mci nov\u00e9ho alba Simple Plan? Dejte n\u00e1m v\u011bd\u011bt v koment\u00e1\u0159\u00edch a nezapome\u0148te se pod\u00edvat na cel\u00e9 zmi\u0148ovan\u00e9 interview s Jeffem n\u00ed\u017ee:<\/p>\t\t\t\t\t\t\t\t<\/div>\n\t\t\t\t<\/div>\n\t\t\t\t\t<\/div>\n\t\t<\/div>\n\t\t\t\t\t<\/div>\n\t\t<\/section>\n\t\t\t\t<section class=\"elementor-section elementor-top-section elementor-element elementor-element-d5f237e elementor-section-boxed elementor-section-height-default elementor-section-height-default\" data-id=\"d5f237e\" data-element_type=\"section\">\n\t\t\t\t\t\t<div class=\"elementor-container elementor-column-gap-default\">\n\t\t\t\t\t<div class=\"elementor-column elementor-col-100 elementor-top-column elementor-element elementor-element-c4406f3\" data-id=\"c4406f3\" data-element_type=\"column\">\n\t\t\t<div class=\"elementor-widget-wrap elementor-element-populated\">\n\t\t\t\t\t\t<div class=\"elementor-element elementor-element-a5c892a elementor-widget elementor-widget-video\" data-id=\"a5c892a\" data-element_type=\"widget\" data-settings=\"{&quot;youtube_url&quot;:&quot;https:\\\/\\\/www.youtube.com\\\/watch?v=AnGCdqP1Dzo&quot;,&quot;video_type&quot;:&quot;youtube&quot;,&quot;controls&quot;:&quot;yes&quot;}\" data-widget_type=\"video.default\">\n\t\t\t\t<div class=\"elementor-widget-container\">\n\t\t\t\t\t\t\t<div class=\"elementor-wrapper elementor-open-inline\">\n\t\t\t<div class=\"elementor-video\"><\/div>\t\t<\/div>\n\t\t\t\t\t\t<\/div>\n\t\t\t\t<\/div>\n\t\t\t\t\t<\/div>\n\t\t<\/div>\n\t\t\t\t\t<\/div>\n\t\t<\/section>\n\t\t\t\t<\/div>\n\t\t","protected":false},"excerpt":{"rendered":"<p>V nov\u00e9m rozhovoru\u00a0The Joel Martin Mastery Podcast kytarista Simple Plan\u00a0Jeff Stinco otev\u0159en\u011b mluv\u00ed nejen o<\/p>\n","protected":false},"author":5,"featured_media":33498,"comment_status":"open","ping_status":"open","sticky":false,"template":"","format":"standard","meta":{"footnotes":"","fifu_image_url":"","fifu_image_alt":""},"categories":[3422,4,19],"tags":[],"yoast_head":"<!-- This site is optimized with the Yoast SEO plugin v20.9 - https:\/\/yoast.com\/wordpress\/plugins\/seo\/ -->\n<title>Jeff Stinco odhaluje: Simple Plan pl\u00e1nuj\u00ed nahr\u00e1t nov\u00e9 album do b\u0159ezna! | CZ: SimplePlan.cz<\/title>\n<meta name=\"robots\" content=\"index, follow, max-snippet:-1, max-image-preview:large, max-video-preview:-1\" \/>\n<link rel=\"canonical\" href=\"https:\/\/www.simpleplan.cz\/cz\/index.php\/jeff-stinco-odhaluje-simple-plan-planuji-nahrat-nove-album-do-brezna\/\" \/>\n<meta property=\"og:locale\" content=\"cs_CZ\" \/>\n<meta property=\"og:type\" content=\"article\" \/>\n<meta property=\"og:title\" content=\"Jeff Stinco odhaluje: Simple Plan pl\u00e1nuj\u00ed nahr\u00e1t nov\u00e9 album do b\u0159ezna! | CZ: SimplePlan.cz\" \/>\n<meta property=\"og:description\" content=\"V nov\u00e9m rozhovoru\u00a0The Joel Martin Mastery Podcast kytarista Simple Plan\u00a0Jeff Stinco otev\u0159en\u011b mluv\u00ed nejen o\" \/>\n<meta property=\"og:url\" content=\"https:\/\/www.simpleplan.cz\/cz\/index.php\/jeff-stinco-odhaluje-simple-plan-planuji-nahrat-nove-album-do-brezna\/\" \/>\n<meta property=\"og:site_name\" content=\"CZ: SimplePlan.cz\" \/>\n<meta property=\"article:publisher\" content=\"http:\/\/www.facebook.com\/simpleplancz\" \/>\n<meta property=\"article:published_time\" content=\"2025-08-30T17:26:41+00:00\" \/>\n<meta property=\"article:modified_time\" content=\"2025-08-30T17:33:45+00:00\" \/>\n<meta property=\"og:image\" content=\"https:\/\/www.simpleplan.cz\/cz\/wp-content\/uploads\/jeff.jpg\" \/>\n\t<meta property=\"og:image:width\" content=\"1045\" \/>\n\t<meta property=\"og:image:height\" content=\"468\" \/>\n\t<meta property=\"og:image:type\" content=\"image\/jpeg\" \/>\n<meta name=\"author\" content=\"Dominika\" \/>\n<meta name=\"twitter:card\" content=\"summary_large_image\" \/>\n<meta name=\"twitter:creator\" content=\"@simpleplancz\" \/>\n<meta name=\"twitter:site\" content=\"@simpleplancz\" \/>\n<meta name=\"twitter:label1\" content=\"Napsal(a)\" \/>\n\t<meta name=\"twitter:data1\" content=\"Dominika\" \/>\n\t<meta name=\"twitter:label2\" content=\"Odhadovan\u00e1 doba \u010dten\u00ed\" \/>\n\t<meta name=\"twitter:data2\" content=\"3 minuty\" \/>\n<script type=\"application\/ld+json\" class=\"yoast-schema-graph\">{\"@context\":\"https:\/\/schema.org\",\"@graph\":[{\"@type\":\"Article\",\"@id\":\"https:\/\/www.simpleplan.cz\/cz\/index.php\/jeff-stinco-odhaluje-simple-plan-planuji-nahrat-nove-album-do-brezna\/#article\",\"isPartOf\":{\"@id\":\"https:\/\/www.simpleplan.cz\/cz\/index.php\/jeff-stinco-odhaluje-simple-plan-planuji-nahrat-nove-album-do-brezna\/\"},\"author\":{\"name\":\"Dominika\",\"@id\":\"https:\/\/www.simpleplan.cz\/cz\/#\/schema\/person\/bb90dd25f4baab7793fc73ab0b783730\"},\"headline\":\"Jeff Stinco odhaluje: Simple Plan pl\u00e1nuj\u00ed nahr\u00e1t nov\u00e9 album do b\u0159ezna!\",\"datePublished\":\"2025-08-30T17:26:41+00:00\",\"dateModified\":\"2025-08-30T17:33:45+00:00\",\"mainEntityOfPage\":{\"@id\":\"https:\/\/www.simpleplan.cz\/cz\/index.php\/jeff-stinco-odhaluje-simple-plan-planuji-nahrat-nove-album-do-brezna\/\"},\"wordCount\":429,\"commentCount\":0,\"publisher\":{\"@id\":\"https:\/\/www.simpleplan.cz\/cz\/#organization\"},\"articleSection\":[\"7. album\",\"Jeff\",\"rozhovory\"],\"inLanguage\":\"cs\",\"potentialAction\":[{\"@type\":\"CommentAction\",\"name\":\"Comment\",\"target\":[\"https:\/\/www.simpleplan.cz\/cz\/index.php\/jeff-stinco-odhaluje-simple-plan-planuji-nahrat-nove-album-do-brezna\/#respond\"]}]},{\"@type\":\"WebPage\",\"@id\":\"https:\/\/www.simpleplan.cz\/cz\/index.php\/jeff-stinco-odhaluje-simple-plan-planuji-nahrat-nove-album-do-brezna\/\",\"url\":\"https:\/\/www.simpleplan.cz\/cz\/index.php\/jeff-stinco-odhaluje-simple-plan-planuji-nahrat-nove-album-do-brezna\/\",\"name\":\"Jeff Stinco odhaluje: Simple Plan pl\u00e1nuj\u00ed nahr\u00e1t nov\u00e9 album do b\u0159ezna! | CZ: SimplePlan.cz\",\"isPartOf\":{\"@id\":\"https:\/\/www.simpleplan.cz\/cz\/#website\"},\"datePublished\":\"2025-08-30T17:26:41+00:00\",\"dateModified\":\"2025-08-30T17:33:45+00:00\",\"breadcrumb\":{\"@id\":\"https:\/\/www.simpleplan.cz\/cz\/index.php\/jeff-stinco-odhaluje-simple-plan-planuji-nahrat-nove-album-do-brezna\/#breadcrumb\"},\"inLanguage\":\"cs\",\"potentialAction\":[{\"@type\":\"ReadAction\",\"target\":[\"https:\/\/www.simpleplan.cz\/cz\/index.php\/jeff-stinco-odhaluje-simple-plan-planuji-nahrat-nove-album-do-brezna\/\"]}]},{\"@type\":\"BreadcrumbList\",\"@id\":\"https:\/\/www.simpleplan.cz\/cz\/index.php\/jeff-stinco-odhaluje-simple-plan-planuji-nahrat-nove-album-do-brezna\/#breadcrumb\",\"itemListElement\":[{\"@type\":\"ListItem\",\"position\":1,\"name\":\"Dom\u016f\",\"item\":\"https:\/\/www.simpleplan.cz\/cz\/\"},{\"@type\":\"ListItem\",\"position\":2,\"name\":\"7. album\",\"item\":\"https:\/\/www.simpleplan.cz\/cz\/index.php\/category\/7-album\/\"},{\"@type\":\"ListItem\",\"position\":3,\"name\":\"Jeff Stinco odhaluje: Simple Plan pl\u00e1nuj\u00ed nahr\u00e1t nov\u00e9 album do b\u0159ezna!\"}]},{\"@type\":\"WebSite\",\"@id\":\"https:\/\/www.simpleplan.cz\/cz\/#website\",\"url\":\"https:\/\/www.simpleplan.cz\/cz\/\",\"name\":\"CZ: SimplePlan.cz\",\"description\":\"Nejlep\u0161\u00ed zdroj informac\u00ed o kapele Simple Plan\",\"publisher\":{\"@id\":\"https:\/\/www.simpleplan.cz\/cz\/#organization\"},\"potentialAction\":[{\"@type\":\"SearchAction\",\"target\":{\"@type\":\"EntryPoint\",\"urlTemplate\":\"https:\/\/www.simpleplan.cz\/cz\/?s={search_term_string}\"},\"query-input\":\"required name=search_term_string\"}],\"inLanguage\":\"cs\"},{\"@type\":\"Organization\",\"@id\":\"https:\/\/www.simpleplan.cz\/cz\/#organization\",\"name\":\"CZ: SimplePlan.cz\",\"url\":\"https:\/\/www.simpleplan.cz\/cz\/\",\"logo\":{\"@type\":\"ImageObject\",\"inLanguage\":\"cs\",\"@id\":\"https:\/\/www.simpleplan.cz\/cz\/#\/schema\/logo\/image\/\",\"url\":\"https:\/\/www.simpleplan.cz\/cz\/wp-content\/uploads\/spczlogo.png\",\"contentUrl\":\"https:\/\/www.simpleplan.cz\/cz\/wp-content\/uploads\/spczlogo.png\",\"width\":250,\"height\":190,\"caption\":\"CZ: SimplePlan.cz\"},\"image\":{\"@id\":\"https:\/\/www.simpleplan.cz\/cz\/#\/schema\/logo\/image\/\"},\"sameAs\":[\"http:\/\/www.facebook.com\/simpleplancz\",\"https:\/\/twitter.com\/simpleplancz\",\"http:\/\/www.instagram.com\/simpleplancz\",\"http:\/\/www.youtube.com\/simpleplancz\"]},{\"@type\":\"Person\",\"@id\":\"https:\/\/www.simpleplan.cz\/cz\/#\/schema\/person\/bb90dd25f4baab7793fc73ab0b783730\",\"name\":\"Dominika\",\"image\":{\"@type\":\"ImageObject\",\"inLanguage\":\"cs\",\"@id\":\"https:\/\/www.simpleplan.cz\/cz\/#\/schema\/person\/image\/\",\"url\":\"https:\/\/secure.gravatar.com\/avatar\/de55cb16a8578d56e96c89d1a0af3db5?s=96&d=mm&r=g\",\"contentUrl\":\"https:\/\/secure.gravatar.com\/avatar\/de55cb16a8578d56e96c89d1a0af3db5?s=96&d=mm&r=g\",\"caption\":\"Dominika\"},\"sameAs\":[\"http:\/\/www.simpleplan.cz\"],\"url\":\"https:\/\/www.simpleplan.cz\/cz\/index.php\/author\/admin-2\/\"}]}<\/script>\n<!-- \/ Yoast SEO plugin. -->","yoast_head_json":{"title":"Jeff Stinco odhaluje: Simple Plan pl\u00e1nuj\u00ed nahr\u00e1t nov\u00e9 album do b\u0159ezna! | CZ: SimplePlan.cz","robots":{"index":"index","follow":"follow","max-snippet":"max-snippet:-1","max-image-preview":"max-image-preview:large","max-video-preview":"max-video-preview:-1"},"canonical":"https:\/\/www.simpleplan.cz\/cz\/index.php\/jeff-stinco-odhaluje-simple-plan-planuji-nahrat-nove-album-do-brezna\/","og_locale":"cs_CZ","og_type":"article","og_title":"Jeff Stinco odhaluje: Simple Plan pl\u00e1nuj\u00ed nahr\u00e1t nov\u00e9 album do b\u0159ezna! | CZ: SimplePlan.cz","og_description":"V nov\u00e9m rozhovoru\u00a0The Joel Martin Mastery Podcast kytarista Simple Plan\u00a0Jeff Stinco otev\u0159en\u011b mluv\u00ed nejen o","og_url":"https:\/\/www.simpleplan.cz\/cz\/index.php\/jeff-stinco-odhaluje-simple-plan-planuji-nahrat-nove-album-do-brezna\/","og_site_name":"CZ: SimplePlan.cz","article_publisher":"http:\/\/www.facebook.com\/simpleplancz","article_published_time":"2025-08-30T17:26:41+00:00","article_modified_time":"2025-08-30T17:33:45+00:00","og_image":[{"width":1045,"height":468,"url":"https:\/\/www.simpleplan.cz\/cz\/wp-content\/uploads\/jeff.jpg","type":"image\/jpeg"}],"author":"Dominika","twitter_card":"summary_large_image","twitter_creator":"@simpleplancz","twitter_site":"@simpleplancz","twitter_misc":{"Napsal(a)":"Dominika","Odhadovan\u00e1 doba \u010dten\u00ed":"3 minuty"},"schema":{"@context":"https:\/\/schema.org","@graph":[{"@type":"Article","@id":"https:\/\/www.simpleplan.cz\/cz\/index.php\/jeff-stinco-odhaluje-simple-plan-planuji-nahrat-nove-album-do-brezna\/#article","isPartOf":{"@id":"https:\/\/www.simpleplan.cz\/cz\/index.php\/jeff-stinco-odhaluje-simple-plan-planuji-nahrat-nove-album-do-brezna\/"},"author":{"name":"Dominika","@id":"https:\/\/www.simpleplan.cz\/cz\/#\/schema\/person\/bb90dd25f4baab7793fc73ab0b783730"},"headline":"Jeff Stinco odhaluje: Simple Plan pl\u00e1nuj\u00ed nahr\u00e1t nov\u00e9 album do b\u0159ezna!","datePublished":"2025-08-30T17:26:41+00:00","dateModified":"2025-08-30T17:33:45+00:00","mainEntityOfPage":{"@id":"https:\/\/www.simpleplan.cz\/cz\/index.php\/jeff-stinco-odhaluje-simple-plan-planuji-nahrat-nove-album-do-brezna\/"},"wordCount":429,"commentCount":0,"publisher":{"@id":"https:\/\/www.simpleplan.cz\/cz\/#organization"},"articleSection":["7. album","Jeff","rozhovory"],"inLanguage":"cs","potentialAction":[{"@type":"CommentAction","name":"Comment","target":["https:\/\/www.simpleplan.cz\/cz\/index.php\/jeff-stinco-odhaluje-simple-plan-planuji-nahrat-nove-album-do-brezna\/#respond"]}]},{"@type":"WebPage","@id":"https:\/\/www.simpleplan.cz\/cz\/index.php\/jeff-stinco-odhaluje-simple-plan-planuji-nahrat-nove-album-do-brezna\/","url":"https:\/\/www.simpleplan.cz\/cz\/index.php\/jeff-stinco-odhaluje-simple-plan-planuji-nahrat-nove-album-do-brezna\/","name":"Jeff Stinco odhaluje: Simple Plan pl\u00e1nuj\u00ed nahr\u00e1t nov\u00e9 album do b\u0159ezna! | CZ: SimplePlan.cz","isPartOf":{"@id":"https:\/\/www.simpleplan.cz\/cz\/#website"},"datePublished":"2025-08-30T17:26:41+00:00","dateModified":"2025-08-30T17:33:45+00:00","breadcrumb":{"@id":"https:\/\/www.simpleplan.cz\/cz\/index.php\/jeff-stinco-odhaluje-simple-plan-planuji-nahrat-nove-album-do-brezna\/#breadcrumb"},"inLanguage":"cs","potentialAction":[{"@type":"ReadAction","target":["https:\/\/www.simpleplan.cz\/cz\/index.php\/jeff-stinco-odhaluje-simple-plan-planuji-nahrat-nove-album-do-brezna\/"]}]},{"@type":"BreadcrumbList","@id":"https:\/\/www.simpleplan.cz\/cz\/index.php\/jeff-stinco-odhaluje-simple-plan-planuji-nahrat-nove-album-do-brezna\/#breadcrumb","itemListElement":[{"@type":"ListItem","position":1,"name":"Dom\u016f","item":"https:\/\/www.simpleplan.cz\/cz\/"},{"@type":"ListItem","position":2,"name":"7. album","item":"https:\/\/www.simpleplan.cz\/cz\/index.php\/category\/7-album\/"},{"@type":"ListItem","position":3,"name":"Jeff Stinco odhaluje: Simple Plan pl\u00e1nuj\u00ed nahr\u00e1t nov\u00e9 album do b\u0159ezna!"}]},{"@type":"WebSite","@id":"https:\/\/www.simpleplan.cz\/cz\/#website","url":"https:\/\/www.simpleplan.cz\/cz\/","name":"CZ: SimplePlan.cz","description":"Nejlep\u0161\u00ed zdroj informac\u00ed o kapele Simple Plan","publisher":{"@id":"https:\/\/www.simpleplan.cz\/cz\/#organization"},"potentialAction":[{"@type":"SearchAction","target":{"@type":"EntryPoint","urlTemplate":"https:\/\/www.simpleplan.cz\/cz\/?s={search_term_string}"},"query-input":"required name=search_term_string"}],"inLanguage":"cs"},{"@type":"Organization","@id":"https:\/\/www.simpleplan.cz\/cz\/#organization","name":"CZ: SimplePlan.cz","url":"https:\/\/www.simpleplan.cz\/cz\/","logo":{"@type":"ImageObject","inLanguage":"cs","@id":"https:\/\/www.simpleplan.cz\/cz\/#\/schema\/logo\/image\/","url":"https:\/\/www.simpleplan.cz\/cz\/wp-content\/uploads\/spczlogo.png","contentUrl":"https:\/\/www.simpleplan.cz\/cz\/wp-content\/uploads\/spczlogo.png","width":250,"height":190,"caption":"CZ: SimplePlan.cz"},"image":{"@id":"https:\/\/www.simpleplan.cz\/cz\/#\/schema\/logo\/image\/"},"sameAs":["http:\/\/www.facebook.com\/simpleplancz","https:\/\/twitter.com\/simpleplancz","http:\/\/www.instagram.com\/simpleplancz","http:\/\/www.youtube.com\/simpleplancz"]},{"@type":"Person","@id":"https:\/\/www.simpleplan.cz\/cz\/#\/schema\/person\/bb90dd25f4baab7793fc73ab0b783730","name":"Dominika","image":{"@type":"ImageObject","inLanguage":"cs","@id":"https:\/\/www.simpleplan.cz\/cz\/#\/schema\/person\/image\/","url":"https:\/\/secure.gravatar.com\/avatar\/de55cb16a8578d56e96c89d1a0af3db5?s=96&d=mm&r=g","contentUrl":"https:\/\/secure.gravatar.com\/avatar\/de55cb16a8578d56e96c89d1a0af3db5?s=96&d=mm&r=g","caption":"Dominika"},"sameAs":["http:\/\/www.simpleplan.cz"],"url":"https:\/\/www.simpleplan.cz\/cz\/index.php\/author\/admin-2\/"}]}},"featured_image_urls":{"full":["https:\/\/www.simpleplan.cz\/cz\/wp-content\/uploads\/jeff.jpg",1045,468,false],"thumbnail":["https:\/\/www.simpleplan.cz\/cz\/wp-content\/uploads\/jeff-150x150.jpg",150,150,true],"medium":["https:\/\/www.simpleplan.cz\/cz\/wp-content\/uploads\/jeff-300x134.jpg",300,134,true],"medium_large":["https:\/\/www.simpleplan.cz\/cz\/wp-content\/uploads\/jeff-768x344.jpg",640,287,true],"large":["https:\/\/www.simpleplan.cz\/cz\/wp-content\/uploads\/jeff-1024x459.jpg",640,287,true],"1536x1536":["https:\/\/www.simpleplan.cz\/cz\/wp-content\/uploads\/jeff.jpg",1045,468,false],"2048x2048":["https:\/\/www.simpleplan.cz\/cz\/wp-content\/uploads\/jeff.jpg",1045,468,false],"elegant-magazine-featured":["https:\/\/www.simpleplan.cz\/cz\/wp-content\/uploads\/jeff-1024x459.jpg",1024,459,true],"elegant-magazine-medium":["https:\/\/www.simpleplan.cz\/cz\/wp-content\/uploads\/jeff-720x380.jpg",720,380,true],"elegant-magazine-medium-small":["https:\/\/www.simpleplan.cz\/cz\/wp-content\/uploads\/jeff-300x200.jpg",300,200,true],"elegant-magazine-thumbnail-small":["https:\/\/www.simpleplan.cz\/cz\/wp-content\/uploads\/jeff-50x50.jpg",50,50,true]},"author_info":{"display_name":"Dominika","author_link":"https:\/\/www.simpleplan.cz\/cz\/index.php\/author\/admin-2\/"},"category_info":"<a href=\"https:\/\/www.simpleplan.cz\/cz\/index.php\/category\/7-album\/\" rel=\"category tag\">7. album<\/a> <a href=\"https:\/\/www.simpleplan.cz\/cz\/index.php\/category\/jeff\/\" rel=\"category tag\">Jeff<\/a> <a href=\"https:\/\/www.simpleplan.cz\/cz\/index.php\/category\/rozhovory\/\" rel=\"category tag\">rozhovory<\/a>","tag_info":"rozhovory","comment_count":"0","_links":{"self":[{"href":"https:\/\/www.simpleplan.cz\/cz\/index.php\/wp-json\/wp\/v2\/posts\/33495"}],"collection":[{"href":"https:\/\/www.simpleplan.cz\/cz\/index.php\/wp-json\/wp\/v2\/posts"}],"about":[{"href":"https:\/\/www.simpleplan.cz\/cz\/index.php\/wp-json\/wp\/v2\/types\/post"}],"author":[{"embeddable":true,"href":"https:\/\/www.simpleplan.cz\/cz\/index.php\/wp-json\/wp\/v2\/users\/5"}],"replies":[{"embeddable":true,"href":"https:\/\/www.simpleplan.cz\/cz\/index.php\/wp-json\/wp\/v2\/comments?post=33495"}],"version-history":[{"count":8,"href":"https:\/\/www.simpleplan.cz\/cz\/index.php\/wp-json\/wp\/v2\/posts\/33495\/revisions"}],"predecessor-version":[{"id":33505,"href":"https:\/\/www.simpleplan.cz\/cz\/index.php\/wp-json\/wp\/v2\/posts\/33495\/revisions\/33505"}],"wp:featuredmedia":[{"embeddable":true,"href":"https:\/\/www.simpleplan.cz\/cz\/index.php\/wp-json\/wp\/v2\/media\/33498"}],"wp:attachment":[{"href":"https:\/\/www.simpleplan.cz\/cz\/index.php\/wp-json\/wp\/v2\/media?parent=33495"}],"wp:term":[{"taxonomy":"category","embeddable":true,"href":"https:\/\/www.simpleplan.cz\/cz\/index.php\/wp-json\/wp\/v2\/categories?post=33495"},{"taxonomy":"post_tag","embeddable":true,"href":"https:\/\/www.simpleplan.cz\/cz\/index.php\/wp-json\/wp\/v2\/tags?post=33495"}],"curies":[{"name":"wp","href":"https:\/\/api.w.org\/{rel}","templated":true}]}}