{"id":6772,"date":"2011-03-05T00:35:10","date_gmt":"2011-03-04T23:35:10","guid":{"rendered":"http:\/\/www.simpleplan.cz\/cz\/?p=6772"},"modified":"2023-06-26T09:03:40","modified_gmt":"2023-06-26T07:03:40","slug":"nove-album-simple-plan-vyjde-21-cervna-2011","status":"publish","type":"post","link":"https:\/\/www.simpleplan.cz\/cz\/index.php\/nove-album-simple-plan-vyjde-21-cervna-2011\/","title":{"rendered":"Nov\u00e9 album Simple Plan vyjde 21.\u010dervna 2011!"},"content":{"rendered":"<p><center><img decoding=\"async\" style=\"margin: 6px;\" src=\"http:\/\/www.simpleplan.cz\/gal\/2068.gif\" alt=\"\" \/><\/center><\/p>\n<p>Je to ofici\u00e1ln\u00ed, d\u00e1my a p\u00e1nov\u00e9, kone\u010dn\u011b!!!!!! Po mnoha m\u011bs\u00edc\u00edch nahr\u00e1v\u00e1n\u00ed a dal\u0161\u00edho v\u0161emo\u017en\u00e9ho protahov\u00e1n\u00ed se kone\u010dn\u011b dozv\u00edd\u00e1me <strong>datum vyd\u00e1n\u00ed \u010dtvrt\u00e9ho alba Simple Plan: 21. \u010dervna 2011!!!!!! <\/strong><\/p>\n<p>Ano, je to daleko, ale lep\u0161\u00ed pozd\u011b ne\u017e v\u016fbec!<\/p>\n<p>N\u00ed\u017ee se m\u016f\u017eete pod\u00edvat na video, kter\u00e9 Pierre a Chuck nato\u010dili v LA, zat\u00edmco Jeff, Seb a David v Montrealu a ve kter\u00e9m ozn\u00e1mili ofici\u00e1ln\u00ed vyd\u00e1n\u00ed sv\u00e9ho nadch\u00e1zej\u00edc\u00edho alba. Krom\u011b toho tak\u00e9 mluv\u00ed o tom, \u017ee asi do dvou t\u00fddn\u016f bychom m\u011bli usly\u0161et novou p\u00edse\u0148 z toho alba (tentokr\u00e1t NE YS@L), a v p\u0159\u00ed\u0161t\u00edch t\u00fddnech a m\u011bs\u00edc\u00edch se tak\u00e9 m\u016f\u017eeme t\u011b\u0161it na spoustu fotografi\u00ed, vide\u00ed, mo\u017en\u00e1 i tracklisting alba a p\u0159edev\u0161\u00edm dal\u0161\u00ed koncertn\u00ed data!<\/p>\n<p><center><object classid=\"clsid:d27cdb6e-ae6d-11cf-96b8-444553540000\" width=\"480\" height=\"290\" codebase=\"http:\/\/download.macromedia.com\/pub\/shockwave\/cabs\/flash\/swflash.cab#version=6,0,40,0\"><param name=\"allowFullScreen\" value=\"true\" \/><param name=\"allowscriptaccess\" value=\"always\" \/><param name=\"src\" value=\"http:\/\/www.youtube.com\/v\/ZfwjaRHgF_c?fs=1&amp;hl=cs_CZ&amp;rel=0\" \/><param name=\"allowfullscreen\" value=\"true\" \/><embed type=\"application\/x-shockwave-flash\" width=\"480\" height=\"290\" src=\"http:\/\/www.youtube.com\/v\/ZfwjaRHgF_c?fs=1&amp;hl=cs_CZ&amp;rel=0\" allowfullscreen=\"true\" allowscriptaccess=\"always\"><\/embed><\/object><\/center><\/p>\n<p><strong>Na va\u0161e p\u0159\u00e1n\u00ed nav\u00edc p\u0159ikl\u00e1d\u00e1m \u010desk\u00fd transkript tohoto videa:<\/strong><\/p>\n<p><!--more--><\/p>\n<blockquote><p>Pierre: Ahoj kluci, jak je? Jak se vede?<br \/>\nV\u0161ichni: Ahoj, jak se m\u00e1te?<\/p>\n<p>Pierre: Kde jste kluci?<br \/>\nJeff: U Seba doma.<br \/>\nSeb: U m\u011b doma.<br \/>\nPierre: Aha! V Montrealu!<br \/>\nSeb: A kde jste vy?<br \/>\nPierre: Do toho ti nic nen\u00ed.<br \/>\nJeff &amp; Seb: Okay, fajn. Promi\u0148.<br \/>\nPierre: To je v pohod\u011b, vlastn\u011b jsme se jen cht\u011bli sej\u00edt, proto\u017ee fyzicky nejsme spolu, ale n\u011bjak\u00fdm zp\u016fsobem toho m\u016f\u017eeme dos\u00e1hnout. M\u00e1me pro v\u00e1s gigantick\u00e9 zpr\u00e1vy!<br \/>\nChuck: Masivn\u00ed.<br \/>\nPierre: Masivn\u00ed zpr\u00e1vy. A tak jsme se rozhodli sej\u00edt, abychom v\u00e1m je prozradili v\u0161ichni spole\u010dn\u011b, tak\u017ee tady jsou.<\/p>\n<p>Seb: Tou hlavn\u00ed zpr\u00e1vou je&#8230; \u017ee nov\u00e1 deska Simple Plan vych\u00e1z\u00ed 21.\u010dervna.<br \/>\nV\u0161ichni: Wohoooo!!<br \/>\nPierre: Kone\u010dn\u011b! Ale po\u010dkejte: 21. \u010derven je velice speci\u00e1ln\u00ed den &#8211; vybrali jsme si ho nejen proto, \u017ee to astrologicky velice d\u016fle\u017eit\u00fd den, je to den slunovratu: bod, kdy slunce je na nebi nejv\u00fd\u0161e. A my jsme cht\u011bli, aby slunce bylo nejv\u00fd\u0161, kdy\u017e na\u0161e nov\u00e1 deska vyjde (doslova p\u0159elo\u017eeno &#8222;spadne&#8220;). Jestli\u017ee jste z ji\u017en\u00ed polokoule, slunce by bylo nejn\u00ed\u017e&#8230;<br \/>\nChuck: Jo, tak\u017ee&#8230;v\u00edm, \u017ee 21. \u010derven, v\u00edm, co \u0159eknete: zd\u00e1 se to hrozn\u011b daleko a jist\u00fdm zp\u016fsobem to je daleko, ale je to dobr\u00fd, proto\u017ee ne\u017e tento den nastane, m\u00e1me toho pro v\u00e1s spoustu nachystan\u00e9ho. Budeme tu m\u00edt novou p\u00edse\u0148, kter\u00e1 vyjde opravdu velice brzy.<br \/>\nPierre: Asi v p\u0159\u00ed\u0161t\u00edch n\u011bkolika t\u00fddnech.<br \/>\nChuck: Do dvou t\u00fddn\u016f mo\u017en\u00e1? Ka\u017edop\u00e1dn\u011b usly\u0161\u00edte novou hudbu, tentokr\u00e1t ne You Suck At Love, tentokr\u00e1t n\u011bco jin\u00e9ho, n\u011bco, co jste je\u0161t\u011b nesly\u0161eli. D\u00e1l pro v\u00e1s budeme m\u00edt spoustu vide\u00ed, single, n\u00e1zev alba, budeme m\u00edt nov\u00e9 photoshooty&#8230;<br \/>\nPierre: Tracklisting alba, n\u00e1zvy v\u0161ech p\u00edsn\u00ed.<br \/>\nChuck: P\u0159esn\u011b tak. Mo\u017en\u00e1 i n\u011bjak\u00e9 texty p\u00edsn\u00ed&#8230; kousky text\u016f..<br \/>\nPierre: Jo.. kousky.. t\u0159eba slova jako &#8222;the&#8220;&#8230; Jo, to tam je.<br \/>\nChuck: A&#8230;..<br \/>\nJeff: Budeme m\u00edt i nahat\u00e9 fotky?<br \/>\nPierre: Co \u0159\u00edk\u00e1te?<br \/>\nJeff: Budeme m\u00edt i nahat\u00e9 fotky?<br \/>\nSeb: To bych nedoporu\u010doval&#8230;<br \/>\nDavid: Jo! Tvoji p\u0159\u00e1tel\u00e9 na Twitteru maj\u00ed tvoje nahat\u00e9 fotky na videu nebo co&#8230;<br \/>\nPierre: No.. j\u00e1 jsem te\u010f nat\u00e1\u010del svoji porno nahr\u00e1vku.. je\u0161t\u011b ale nen\u00ed hotov\u00e1.. je celkem kr\u00e1tk\u00e1.<br \/>\nKluci: Hodn\u011b kr\u00e1tk\u00e1.<br \/>\nPierre: Tak\u017ee na tom pracuju.<br \/>\nChuck: Je to kr\u00e1tk\u00e9, ale skv\u011bl\u00e9.<br \/>\nDavid: Tomu \u0159\u00edk\u00e1me &#8222;kousek&#8220;.<br \/>\nChuck: &#8230; A taky, co\u017e je je\u0161t\u011b d\u016fle\u017eit\u011bj\u0161\u00ed&#8230; proto\u017ee v\u00edm, \u017ee n\u00e1s v\u0161ichni chcete vid\u011bt na\u017eivo. Budeme na turn\u00e9 &#8211; a budeme oznamovat dal\u0161\u00ed koncertn\u00ed data..<br \/>\nPierre: Ale pro\u010d o tom nenech\u00e1\u0161 mluvit kluky z Montrealu? Kluci, \u0159ekn\u011bte jim o tom.<br \/>\nJeff: Jo, nem\u016f\u017ee\u0161 na chv\u00edli zmlknout???? Haha.. u\u017e m\u00e1me ozn\u00e1meny koncerty v N\u011bmecku, kter\u00e9 se odehraj\u00ed je\u0161t\u011b p\u0159edt\u00edm, ne\u017e vyjde deska: Rock Im Park, Rock Am Ring.<br \/>\nSeb: Na moje narozky!!!<br \/>\nJeff: Taky budeme hr\u00e1t na Warped Tour na hodn\u011b dlouho.. vlastn\u011b ne.. na m\u011bs\u00edc, n\u011bkolik t\u00fddn\u016f. Tak\u017ee se tam uvid\u00edme.<br \/>\nPierre: Kdo&#8230; my?<br \/>\nJeff: Ne, v\u00e1s tam vid\u011bt nechceme.<br \/>\nSeb: Uvid\u00edme tam V\u00c1S! Na to se j\u00e1 t\u011b\u0161\u00edm ze v\u0161eho nejv\u00edc!\u00a8<br \/>\nChuck: Vlastn\u011b, co se Jeff celou tu dobu sna\u017eil \u0159\u00edct je, \u017ee tu jsou koncerty, kter\u00e9 jsou ji\u017e ozn\u00e1meny, ale je\u0161t\u011b mnohem v\u00edc jich teprve p\u0159ijde.<br \/>\nPierre: Jo!<br \/>\nJeff: Je to tak vzru\u0161uj\u00edc\u00ed! nem\u016f\u017eu to ani vydr\u017eet!<br \/>\nChuck: Pr\u00e1v\u011b proto jsem necht\u011bl zmlknout a cht\u011bl jsem tohle \u0159\u00edct lidem, proto\u017ee jsem v\u011bd\u011bl, \u017ee to nezvl\u00e1dne\u0161&#8230;<br \/>\nPierre: Kluci, nem\u016f\u017eete se p\u0159estat h\u00e1dat? Co je s v\u00e1mi? To se jako rozpadnem?<br \/>\nChuck: Ne, \u017e\u00e1dnej rozpad.<br \/>\nDavid: Jo, pr\u00e1v\u011b proto nejsme te\u010f spolu v\u0161ichni v jedn\u00e9 mistnosti. Ve skute\u010dnosti jsou ti dva vlastn\u011b jen p\u0159es ulici v hotelu.<br \/>\nChuck: U\u017e to spolu nevydr\u017e\u00edme ani v jedn\u00e9 m\u00edstnosti.<br \/>\nJeff: Tak\u017ee dobr\u00e1 zpr\u00e1va je, \u017ee album vych\u00e1z\u00ed ji\u017e velmi brzy. Nen\u00ed to tak brzy, jak bychom cht\u011bli, ale 21. \u010derven! A je\u0161t\u011b p\u0159edt\u00edm budeme ukazovat hodn\u011b dal\u0161\u00edch v\u011bc\u00ed, tak\u017ee&#8230;<br \/>\nDavid: P\u0159ich\u00e1z\u00edme, kdy chceme.<br \/>\nPierre: Ale v\u011bt\u0161inou p\u0159ich\u00e1z\u00edme p\u0159\u00edli\u0161 brzy (nep\u0159elo\u017eiteln\u00fd v\u00fdraz\/tak trochu sexu\u00e1ln\u00ed nar\u00e1\u017eka).<br \/>\nSeb: Na SimplePlan.com to bude \u00fa\u017easn\u00fd, tak\u017ee byste tam m\u011bli chodit a zji\u0161\u0165ovat, co je nov\u00fdho!<br \/>\nPierre: Ale jen tak mimochodem, pro album (op\u011bt nep\u0159elo\u017eiteln\u00e9: mimochodem se \u0159ekne &#8222;for the record&#8220;, co\u017e tak\u00e9 m\u016f\u017ee znamenat &#8222;pro album&#8220; &#8211; Pierre to pou\u017eil jako dvojsmysl) jsem cht\u011bl jen poznamenat, \u017ee.. *sm\u00edch* ne, zabralo n\u00e1m to trochu d\u00fdl \u010dasu a museli jste hodn\u011b \u010dekat, ale popravd\u011b \u0159e\u010deno mysl\u00edm, \u017ee v\u00edte, pro\u010d to trvalo tak dlouho: pracovali jsme tak tvrd\u011b, napsali jsme toho v\u00edc, ne\u017e kdy jindy v \u017eivot\u011b a up\u0159\u00edmn\u011b je to fakt zatracen\u011b skv\u011bl\u00fd.<br \/>\nChuck: Ale hlavn\u00edm d\u016fvodem, pro\u010d to trvalo tak dlouho je, \u017ee psan\u00ed, byt\u00ed ve studiu &#8211; to v\u0161echno zabere \u010das, pokud chcete vytvo\u0159it skv\u011blou desku. Ale krom\u011b toho na albu bude spousta kolaborac\u00ed &#8211; zat\u00edm v\u00e1m toho ne\u0159ekneme moc, ale to n\u00e1m zabralo hodn\u011b \u010dasu to v\u0161echno zorganizovat. A dokonce st\u00e1le v jist\u00e9m smyslu na albu pracujeme pr\u00e1v\u011b te\u010f, tak\u017ee jinak proto se omlouv\u00e1me, v\u00edme, \u017ee \u010derven se zd\u00e1 hodn\u011b daleko, ale 21. \u010derven tu bude cobydup.<br \/>\nDavid: V\u017edycky p\u0159ich\u00e1z\u00ed cobydup.<br \/>\nSeb: A v\u00edte co taky bude? Obal desky! A ten bude skv\u011blej!<br \/>\nV\u0161ichni: Jo!<br \/>\nChuck: A n\u00e1zev alba&#8230;na tom po\u0159\u00e1d je\u0161t\u011b pracujeme.<br \/>\nSeb: Mo\u017en\u00e1 i nov\u00fd vzhled ofici\u00e1ln\u00ed str\u00e1nky.. to by bylo super.. A taky nov\u00fd buben\u00edk!!! To by bylo taky super&#8230;<br \/>\nChuck: Zmlkni!<br \/>\nSeb: Okay! Promi\u0148! Tak\u017ee, to jsou ty velk\u00e9 novinky!<br \/>\nPierre: Tak\u017ee te\u010f to roz\u0161i\u0159ujte v\u0161ude po Facebooku, Twitteru a tak, mluvte o tom se sv\u00fdmi p\u0159\u00e1teli.. 21. \u010derven! Budeme na turn\u00e9 v\u0161ude, tak\u017ee a\u0165 u\u017e jste odkudkoliv, uvid\u00edme v\u00e1s brzy!<br \/>\nSeb: Jo, budeme tam!<br \/>\nPierre: Tak\u017ee to roz\u0161i\u0159ujte d\u00e1l! 21. \u010derven, nov\u00e1 deska Simple Plan, na str\u00e1nk\u00e1ch budeme m\u00edt spoustu novinek, na Twitteru taky, tak\u017ee z\u016fsta\u0148te s n\u00e1mi. Jsme hrozn\u011b nad\u0161en\u00ed.<br \/>\nChuck: Douf\u00e1m, \u017ee jste \u0161\u0165asn\u00ed.<br \/>\nPierre: Uvid\u00edme se brzy!<\/p>\n<p>David: A jak\u00fd bude teda n\u00e1zev desky??????<br \/>\nChuck &amp; Pierre: To je\u0161t\u011b nev\u00edme&#8230;<br \/>\nChuck: Ale co tohle? Jestli\u017ee maj\u00ed na\u0161i fanou\u0161ci n\u011bjak\u00e9 dobr\u00e9 n\u00e1pady, pro\u010d n\u00e1m je netweetujete?<br \/>\nV\u0161ichni: Jo!<br \/>\nJeff: Ur\u010dit\u011b p\u0159ij\u00edm\u00e1me n\u00e1vrhy!<br \/>\nPierre: Po\u0161lete n\u00e1m to na Twitter! Ale jinak, chci jen \u0159\u00edct nashle!<br \/>\nV\u0161ichni: Ahoj! Uvid\u00edme se!<br \/>\nPierre: Hey kluci, to byla z\u00e1bava, ne?<br \/>\nSeb: Jo, uvid\u00edme se brzy!<br \/>\nPierre: Jo, 21. \u010derven, nezapome\u0148te, uvid\u00edme se na turn\u00e9. Simple Plan v\u00e1s miluj\u00ed! M\u00edr!<br \/>\nChuck: \u017d\u00e1dn\u00e9 h\u00e1d\u00e1n\u00ed<br \/>\nPierre: Hey, kluci, co takhle pozdrav p\u011bst\u00ed?<br \/>\nV\u0161ichni: Ahoj!<\/p><\/blockquote>\n<div class=\"fblikebutton_button\" style=\"float: left; padding-top: 20px; margin-right: 20px; padding-bottom: 20px; padding-left: 20px;\"><iframe src=\"http:\/\/www.facebook.com\/plugins\/like.php?href=https%3A%2F%2Fwww.simpleplan.cz%2Fcz%2Findex.php%2Fnove-album-simple-plan-vyjde-21-cervna-2011%2F&amp;layout=standard&amp;show-faces=false&amp;width=450&amp;action=like&amp;colorscheme=light\" scrolling=\"no\" frameborder=\"0\" allowTransparency=\"true\" style=\"border:none; overflow:hidden; width:450px; height:26px\"><\/iframe><\/div>\n","protected":false},"excerpt":{"rendered":"<p>Je to ofici\u00e1ln\u00ed, d\u00e1my a p\u00e1nov\u00e9, kone\u010dn\u011b!!!!!! Po mnoha m\u011bs\u00edc\u00edch nahr\u00e1v\u00e1n\u00ed a dal\u0161\u00edho v\u0161emo\u017en\u00e9ho protahov\u00e1n\u00ed<\/p>\n","protected":false},"author":5,"featured_media":0,"comment_status":"open","ping_status":"open","sticky":false,"template":"","format":"standard","meta":{"footnotes":"","fifu_image_url":"","fifu_image_alt":""},"categories":[44,10],"tags":[375,374],"yoast_head":"<!-- This site is optimized with the Yoast SEO plugin v20.9 - https:\/\/yoast.com\/wordpress\/plugins\/seo\/ -->\n<title>Nov\u00e9 album Simple Plan vyjde 21.\u010dervna 2011! | CZ: SimplePlan.cz<\/title>\n<meta name=\"robots\" content=\"index, follow, max-snippet:-1, max-image-preview:large, max-video-preview:-1\" \/>\n<link rel=\"canonical\" href=\"https:\/\/www.simpleplan.cz\/cz\/index.php\/nove-album-simple-plan-vyjde-21-cervna-2011\/\" \/>\n<meta property=\"og:locale\" content=\"cs_CZ\" \/>\n<meta property=\"og:type\" content=\"article\" \/>\n<meta property=\"og:title\" content=\"Nov\u00e9 album Simple Plan vyjde 21.\u010dervna 2011! | CZ: SimplePlan.cz\" \/>\n<meta property=\"og:description\" content=\"Je to ofici\u00e1ln\u00ed, d\u00e1my a p\u00e1nov\u00e9, kone\u010dn\u011b!!!!!! Po mnoha m\u011bs\u00edc\u00edch nahr\u00e1v\u00e1n\u00ed a dal\u0161\u00edho v\u0161emo\u017en\u00e9ho protahov\u00e1n\u00ed\" \/>\n<meta property=\"og:url\" content=\"https:\/\/www.simpleplan.cz\/cz\/index.php\/nove-album-simple-plan-vyjde-21-cervna-2011\/\" \/>\n<meta property=\"og:site_name\" content=\"CZ: SimplePlan.cz\" \/>\n<meta property=\"article:publisher\" content=\"http:\/\/www.facebook.com\/simpleplancz\" \/>\n<meta property=\"article:published_time\" content=\"2011-03-04T23:35:10+00:00\" \/>\n<meta property=\"article:modified_time\" content=\"2023-06-26T07:03:40+00:00\" \/>\n<meta property=\"og:image\" content=\"http:\/\/www.simpleplan.cz\/gal\/2068.gif\" \/>\n<meta name=\"author\" content=\"Dominika\" \/>\n<meta name=\"twitter:card\" content=\"summary_large_image\" \/>\n<meta name=\"twitter:creator\" content=\"@simpleplancz\" \/>\n<meta name=\"twitter:site\" content=\"@simpleplancz\" \/>\n<meta name=\"twitter:label1\" content=\"Napsal(a)\" \/>\n\t<meta name=\"twitter:data1\" content=\"Dominika\" \/>\n\t<meta name=\"twitter:label2\" content=\"Odhadovan\u00e1 doba \u010dten\u00ed\" \/>\n\t<meta name=\"twitter:data2\" content=\"7 minut\" \/>\n<script type=\"application\/ld+json\" class=\"yoast-schema-graph\">{\"@context\":\"https:\/\/schema.org\",\"@graph\":[{\"@type\":\"Article\",\"@id\":\"https:\/\/www.simpleplan.cz\/cz\/index.php\/nove-album-simple-plan-vyjde-21-cervna-2011\/#article\",\"isPartOf\":{\"@id\":\"https:\/\/www.simpleplan.cz\/cz\/index.php\/nove-album-simple-plan-vyjde-21-cervna-2011\/\"},\"author\":{\"name\":\"Dominika\",\"@id\":\"https:\/\/www.simpleplan.cz\/cz\/#\/schema\/person\/bb90dd25f4baab7793fc73ab0b783730\"},\"headline\":\"Nov\u00e9 album Simple Plan vyjde 21.\u010dervna 2011!\",\"datePublished\":\"2011-03-04T23:35:10+00:00\",\"dateModified\":\"2023-06-26T07:03:40+00:00\",\"mainEntityOfPage\":{\"@id\":\"https:\/\/www.simpleplan.cz\/cz\/index.php\/nove-album-simple-plan-vyjde-21-cervna-2011\/\"},\"wordCount\":1444,\"commentCount\":33,\"publisher\":{\"@id\":\"https:\/\/www.simpleplan.cz\/cz\/#organization\"},\"keywords\":[\"21.\u010derven 2011\",\"datum vyd\u00e1n\u00ed\"],\"articleSection\":[\"nov\u00e9 album\",\"videa\"],\"inLanguage\":\"cs\",\"potentialAction\":[{\"@type\":\"CommentAction\",\"name\":\"Comment\",\"target\":[\"https:\/\/www.simpleplan.cz\/cz\/index.php\/nove-album-simple-plan-vyjde-21-cervna-2011\/#respond\"]}]},{\"@type\":\"WebPage\",\"@id\":\"https:\/\/www.simpleplan.cz\/cz\/index.php\/nove-album-simple-plan-vyjde-21-cervna-2011\/\",\"url\":\"https:\/\/www.simpleplan.cz\/cz\/index.php\/nove-album-simple-plan-vyjde-21-cervna-2011\/\",\"name\":\"Nov\u00e9 album Simple Plan vyjde 21.\u010dervna 2011! | CZ: SimplePlan.cz\",\"isPartOf\":{\"@id\":\"https:\/\/www.simpleplan.cz\/cz\/#website\"},\"datePublished\":\"2011-03-04T23:35:10+00:00\",\"dateModified\":\"2023-06-26T07:03:40+00:00\",\"breadcrumb\":{\"@id\":\"https:\/\/www.simpleplan.cz\/cz\/index.php\/nove-album-simple-plan-vyjde-21-cervna-2011\/#breadcrumb\"},\"inLanguage\":\"cs\",\"potentialAction\":[{\"@type\":\"ReadAction\",\"target\":[\"https:\/\/www.simpleplan.cz\/cz\/index.php\/nove-album-simple-plan-vyjde-21-cervna-2011\/\"]}]},{\"@type\":\"BreadcrumbList\",\"@id\":\"https:\/\/www.simpleplan.cz\/cz\/index.php\/nove-album-simple-plan-vyjde-21-cervna-2011\/#breadcrumb\",\"itemListElement\":[{\"@type\":\"ListItem\",\"position\":1,\"name\":\"Dom\u016f\",\"item\":\"https:\/\/www.simpleplan.cz\/cz\/\"},{\"@type\":\"ListItem\",\"position\":2,\"name\":\"nov\u00e9 album\",\"item\":\"https:\/\/www.simpleplan.cz\/cz\/index.php\/category\/nove-album\/\"},{\"@type\":\"ListItem\",\"position\":3,\"name\":\"Nov\u00e9 album Simple Plan vyjde 21.\u010dervna 2011!\"}]},{\"@type\":\"WebSite\",\"@id\":\"https:\/\/www.simpleplan.cz\/cz\/#website\",\"url\":\"https:\/\/www.simpleplan.cz\/cz\/\",\"name\":\"CZ: SimplePlan.cz\",\"description\":\"Nejlep\u0161\u00ed zdroj informac\u00ed o kapele Simple Plan\",\"publisher\":{\"@id\":\"https:\/\/www.simpleplan.cz\/cz\/#organization\"},\"potentialAction\":[{\"@type\":\"SearchAction\",\"target\":{\"@type\":\"EntryPoint\",\"urlTemplate\":\"https:\/\/www.simpleplan.cz\/cz\/?s={search_term_string}\"},\"query-input\":\"required name=search_term_string\"}],\"inLanguage\":\"cs\"},{\"@type\":\"Organization\",\"@id\":\"https:\/\/www.simpleplan.cz\/cz\/#organization\",\"name\":\"CZ: SimplePlan.cz\",\"url\":\"https:\/\/www.simpleplan.cz\/cz\/\",\"logo\":{\"@type\":\"ImageObject\",\"inLanguage\":\"cs\",\"@id\":\"https:\/\/www.simpleplan.cz\/cz\/#\/schema\/logo\/image\/\",\"url\":\"https:\/\/www.simpleplan.cz\/cz\/wp-content\/uploads\/spczlogo.png\",\"contentUrl\":\"https:\/\/www.simpleplan.cz\/cz\/wp-content\/uploads\/spczlogo.png\",\"width\":250,\"height\":190,\"caption\":\"CZ: SimplePlan.cz\"},\"image\":{\"@id\":\"https:\/\/www.simpleplan.cz\/cz\/#\/schema\/logo\/image\/\"},\"sameAs\":[\"http:\/\/www.facebook.com\/simpleplancz\",\"https:\/\/twitter.com\/simpleplancz\",\"http:\/\/www.instagram.com\/simpleplancz\",\"http:\/\/www.youtube.com\/simpleplancz\"]},{\"@type\":\"Person\",\"@id\":\"https:\/\/www.simpleplan.cz\/cz\/#\/schema\/person\/bb90dd25f4baab7793fc73ab0b783730\",\"name\":\"Dominika\",\"image\":{\"@type\":\"ImageObject\",\"inLanguage\":\"cs\",\"@id\":\"https:\/\/www.simpleplan.cz\/cz\/#\/schema\/person\/image\/\",\"url\":\"https:\/\/secure.gravatar.com\/avatar\/de55cb16a8578d56e96c89d1a0af3db5?s=96&d=mm&r=g\",\"contentUrl\":\"https:\/\/secure.gravatar.com\/avatar\/de55cb16a8578d56e96c89d1a0af3db5?s=96&d=mm&r=g\",\"caption\":\"Dominika\"},\"sameAs\":[\"http:\/\/www.simpleplan.cz\"],\"url\":\"https:\/\/www.simpleplan.cz\/cz\/index.php\/author\/admin-2\/\"}]}<\/script>\n<!-- \/ Yoast SEO plugin. -->","yoast_head_json":{"title":"Nov\u00e9 album Simple Plan vyjde 21.\u010dervna 2011! | CZ: SimplePlan.cz","robots":{"index":"index","follow":"follow","max-snippet":"max-snippet:-1","max-image-preview":"max-image-preview:large","max-video-preview":"max-video-preview:-1"},"canonical":"https:\/\/www.simpleplan.cz\/cz\/index.php\/nove-album-simple-plan-vyjde-21-cervna-2011\/","og_locale":"cs_CZ","og_type":"article","og_title":"Nov\u00e9 album Simple Plan vyjde 21.\u010dervna 2011! | CZ: SimplePlan.cz","og_description":"Je to ofici\u00e1ln\u00ed, d\u00e1my a p\u00e1nov\u00e9, kone\u010dn\u011b!!!!!! Po mnoha m\u011bs\u00edc\u00edch nahr\u00e1v\u00e1n\u00ed a dal\u0161\u00edho v\u0161emo\u017en\u00e9ho protahov\u00e1n\u00ed","og_url":"https:\/\/www.simpleplan.cz\/cz\/index.php\/nove-album-simple-plan-vyjde-21-cervna-2011\/","og_site_name":"CZ: SimplePlan.cz","article_publisher":"http:\/\/www.facebook.com\/simpleplancz","article_published_time":"2011-03-04T23:35:10+00:00","article_modified_time":"2023-06-26T07:03:40+00:00","og_image":[{"url":"http:\/\/www.simpleplan.cz\/gal\/2068.gif"}],"author":"Dominika","twitter_card":"summary_large_image","twitter_creator":"@simpleplancz","twitter_site":"@simpleplancz","twitter_misc":{"Napsal(a)":"Dominika","Odhadovan\u00e1 doba \u010dten\u00ed":"7 minut"},"schema":{"@context":"https:\/\/schema.org","@graph":[{"@type":"Article","@id":"https:\/\/www.simpleplan.cz\/cz\/index.php\/nove-album-simple-plan-vyjde-21-cervna-2011\/#article","isPartOf":{"@id":"https:\/\/www.simpleplan.cz\/cz\/index.php\/nove-album-simple-plan-vyjde-21-cervna-2011\/"},"author":{"name":"Dominika","@id":"https:\/\/www.simpleplan.cz\/cz\/#\/schema\/person\/bb90dd25f4baab7793fc73ab0b783730"},"headline":"Nov\u00e9 album Simple Plan vyjde 21.\u010dervna 2011!","datePublished":"2011-03-04T23:35:10+00:00","dateModified":"2023-06-26T07:03:40+00:00","mainEntityOfPage":{"@id":"https:\/\/www.simpleplan.cz\/cz\/index.php\/nove-album-simple-plan-vyjde-21-cervna-2011\/"},"wordCount":1444,"commentCount":33,"publisher":{"@id":"https:\/\/www.simpleplan.cz\/cz\/#organization"},"keywords":["21.\u010derven 2011","datum vyd\u00e1n\u00ed"],"articleSection":["nov\u00e9 album","videa"],"inLanguage":"cs","potentialAction":[{"@type":"CommentAction","name":"Comment","target":["https:\/\/www.simpleplan.cz\/cz\/index.php\/nove-album-simple-plan-vyjde-21-cervna-2011\/#respond"]}]},{"@type":"WebPage","@id":"https:\/\/www.simpleplan.cz\/cz\/index.php\/nove-album-simple-plan-vyjde-21-cervna-2011\/","url":"https:\/\/www.simpleplan.cz\/cz\/index.php\/nove-album-simple-plan-vyjde-21-cervna-2011\/","name":"Nov\u00e9 album Simple Plan vyjde 21.\u010dervna 2011! | CZ: SimplePlan.cz","isPartOf":{"@id":"https:\/\/www.simpleplan.cz\/cz\/#website"},"datePublished":"2011-03-04T23:35:10+00:00","dateModified":"2023-06-26T07:03:40+00:00","breadcrumb":{"@id":"https:\/\/www.simpleplan.cz\/cz\/index.php\/nove-album-simple-plan-vyjde-21-cervna-2011\/#breadcrumb"},"inLanguage":"cs","potentialAction":[{"@type":"ReadAction","target":["https:\/\/www.simpleplan.cz\/cz\/index.php\/nove-album-simple-plan-vyjde-21-cervna-2011\/"]}]},{"@type":"BreadcrumbList","@id":"https:\/\/www.simpleplan.cz\/cz\/index.php\/nove-album-simple-plan-vyjde-21-cervna-2011\/#breadcrumb","itemListElement":[{"@type":"ListItem","position":1,"name":"Dom\u016f","item":"https:\/\/www.simpleplan.cz\/cz\/"},{"@type":"ListItem","position":2,"name":"nov\u00e9 album","item":"https:\/\/www.simpleplan.cz\/cz\/index.php\/category\/nove-album\/"},{"@type":"ListItem","position":3,"name":"Nov\u00e9 album Simple Plan vyjde 21.\u010dervna 2011!"}]},{"@type":"WebSite","@id":"https:\/\/www.simpleplan.cz\/cz\/#website","url":"https:\/\/www.simpleplan.cz\/cz\/","name":"CZ: SimplePlan.cz","description":"Nejlep\u0161\u00ed zdroj informac\u00ed o kapele Simple Plan","publisher":{"@id":"https:\/\/www.simpleplan.cz\/cz\/#organization"},"potentialAction":[{"@type":"SearchAction","target":{"@type":"EntryPoint","urlTemplate":"https:\/\/www.simpleplan.cz\/cz\/?s={search_term_string}"},"query-input":"required name=search_term_string"}],"inLanguage":"cs"},{"@type":"Organization","@id":"https:\/\/www.simpleplan.cz\/cz\/#organization","name":"CZ: SimplePlan.cz","url":"https:\/\/www.simpleplan.cz\/cz\/","logo":{"@type":"ImageObject","inLanguage":"cs","@id":"https:\/\/www.simpleplan.cz\/cz\/#\/schema\/logo\/image\/","url":"https:\/\/www.simpleplan.cz\/cz\/wp-content\/uploads\/spczlogo.png","contentUrl":"https:\/\/www.simpleplan.cz\/cz\/wp-content\/uploads\/spczlogo.png","width":250,"height":190,"caption":"CZ: SimplePlan.cz"},"image":{"@id":"https:\/\/www.simpleplan.cz\/cz\/#\/schema\/logo\/image\/"},"sameAs":["http:\/\/www.facebook.com\/simpleplancz","https:\/\/twitter.com\/simpleplancz","http:\/\/www.instagram.com\/simpleplancz","http:\/\/www.youtube.com\/simpleplancz"]},{"@type":"Person","@id":"https:\/\/www.simpleplan.cz\/cz\/#\/schema\/person\/bb90dd25f4baab7793fc73ab0b783730","name":"Dominika","image":{"@type":"ImageObject","inLanguage":"cs","@id":"https:\/\/www.simpleplan.cz\/cz\/#\/schema\/person\/image\/","url":"https:\/\/secure.gravatar.com\/avatar\/de55cb16a8578d56e96c89d1a0af3db5?s=96&d=mm&r=g","contentUrl":"https:\/\/secure.gravatar.com\/avatar\/de55cb16a8578d56e96c89d1a0af3db5?s=96&d=mm&r=g","caption":"Dominika"},"sameAs":["http:\/\/www.simpleplan.cz"],"url":"https:\/\/www.simpleplan.cz\/cz\/index.php\/author\/admin-2\/"}]}},"featured_image_urls":{"full":"","thumbnail":"","medium":"","medium_large":"","large":"","1536x1536":"","2048x2048":"","elegant-magazine-featured":"","elegant-magazine-medium":"","elegant-magazine-medium-small":"","elegant-magazine-thumbnail-small":""},"author_info":{"display_name":"Dominika","author_link":"https:\/\/www.simpleplan.cz\/cz\/index.php\/author\/admin-2\/"},"category_info":"<a href=\"https:\/\/www.simpleplan.cz\/cz\/index.php\/category\/nove-album\/\" rel=\"category tag\">nov\u00e9 album<\/a> <a href=\"https:\/\/www.simpleplan.cz\/cz\/index.php\/category\/videa\/\" rel=\"category tag\">videa<\/a>","tag_info":"videa","comment_count":"33","_links":{"self":[{"href":"https:\/\/www.simpleplan.cz\/cz\/index.php\/wp-json\/wp\/v2\/posts\/6772"}],"collection":[{"href":"https:\/\/www.simpleplan.cz\/cz\/index.php\/wp-json\/wp\/v2\/posts"}],"about":[{"href":"https:\/\/www.simpleplan.cz\/cz\/index.php\/wp-json\/wp\/v2\/types\/post"}],"author":[{"embeddable":true,"href":"https:\/\/www.simpleplan.cz\/cz\/index.php\/wp-json\/wp\/v2\/users\/5"}],"replies":[{"embeddable":true,"href":"https:\/\/www.simpleplan.cz\/cz\/index.php\/wp-json\/wp\/v2\/comments?post=6772"}],"version-history":[{"count":10,"href":"https:\/\/www.simpleplan.cz\/cz\/index.php\/wp-json\/wp\/v2\/posts\/6772\/revisions"}],"predecessor-version":[{"id":32725,"href":"https:\/\/www.simpleplan.cz\/cz\/index.php\/wp-json\/wp\/v2\/posts\/6772\/revisions\/32725"}],"wp:attachment":[{"href":"https:\/\/www.simpleplan.cz\/cz\/index.php\/wp-json\/wp\/v2\/media?parent=6772"}],"wp:term":[{"taxonomy":"category","embeddable":true,"href":"https:\/\/www.simpleplan.cz\/cz\/index.php\/wp-json\/wp\/v2\/categories?post=6772"},{"taxonomy":"post_tag","embeddable":true,"href":"https:\/\/www.simpleplan.cz\/cz\/index.php\/wp-json\/wp\/v2\/tags?post=6772"}],"curies":[{"name":"wp","href":"https:\/\/api.w.org\/{rel}","templated":true}]}}