{"id":8198,"date":"2011-10-26T12:05:23","date_gmt":"2011-10-26T10:05:23","guid":{"rendered":"http:\/\/www.simpleplan.cz\/cz\/?p=8198"},"modified":"2023-06-26T09:03:03","modified_gmt":"2023-06-26T07:03:03","slug":"david-a-patrick-na-koncertu-avril-lavigne-v-montrealu","status":"publish","type":"post","link":"https:\/\/www.simpleplan.cz\/cz\/index.php\/david-a-patrick-na-koncertu-avril-lavigne-v-montrealu\/","title":{"rendered":"David a Patrick na koncertu Avril Lavigne a The New Cities v Montrealu"},"content":{"rendered":"<p><center><img decoding=\"async\" src=\"http:\/\/www.simpleplan.cz\/gal\/2283.gif\" alt=\"\"><\/center><\/p>\n<p>D\u016fkazem, \u017ee p\u0159\u00e1telstv\u00ed dok\u00e1\u017eou vydr\u017eet dlouh\u00e1 l\u00e9ta, je ur\u010dit\u011b i to mezi <b>Simple Plan a kana\u010fankou Avril Lavigne<\/b>. Spole\u010dn\u011b toho za\u017eili ji\u017e hrozn\u011b moc: v roce 2003 je Avril vzala na svou &#8222;Try To Shut Me Up Tour&#8220;, kde se obzvl\u00e1\u0161\u0165 David s Avril sp\u0159\u00e1telil mo\u017en\u00e1 o trochu v\u00edce, ne\u017e ostatn\u00ed kluci (mo\u017en\u00e1 si vzpom\u00edn\u00e1te na sc\u00e9ny z DVD A Big Package For You, kde Avril nese Davida na p\u00f3dium, proto\u017ee si poranil nohu po blbnut\u00ed na skateboardu, pop\u0159\u00edpad\u011b sc\u00e9ny z DVD Avril, kde se spolu zav\u0159eli ve sk\u0159\u00edni a podobn\u011b). V minulosti se pr\u00e1v\u011b d\u00edky tomu dost spekulovalo o tom, jestli spolu ti dva nemaj\u00ed i n\u011bco v\u00edc, ale nikdy nebylo nic potvrzeno.<\/p>\n<p>Po osmi letech tu snad m\u00e1me jedny z prvn\u00edch spole\u010dn\u00fdch <a href=\"http:\/\/www.simpleplan.cz\/gallery\/thumbnails.php?album=1144\" target=\"_blank\" rel=\"noopener\">fotografi\u00ed<\/a> Davida a Avril, nebo\u0165 se spolu setkali na jej\u00edm v\u010derej\u0161\u00edm koncertu v Montrealu, kde zakon\u010dila sv\u00e9 kanadsk\u00e9 turn\u00e9, kter\u00e9 jela spole\u010dn\u011b s kapelou The New Cities. A nebyl by to <b>David<\/b>, aby op\u011bt nevyu\u017eil p\u0159\u00edle\u017eitosti, aby <b>si s The New Cities zahr\u00e1l na bic\u00ed<\/b> b\u011bhem jejich p\u00edsn\u011b Looks Minus Substance. Celkem vtipn\u00e9 je, \u017ee v jednom z \u010dl\u00e1nk\u016f, kter\u00e9 byly o v\u010derej\u0161\u00edm ve\u010deru naps\u00e1ny, si autor spletl Davida s &#8222;buben\u00edkem Simple Plan&#8220; a napsal o tom, jak to byl Chuck, kdo si s The New Cities zahr\u00e1l. :)<\/p>\n<p>Krom\u011b Davida <b>si Avril uvolnila \u010das i na Patricka<\/b>, kter\u00fd u\u017e t\u0159i roky pracuje pro MusiquePlus jako videoreport\u00e9r. Sama Avril si pr\u00fd vy\u017e\u00e1dala, aby s n\u00ed rozhovor d\u011blal pr\u00e1v\u011b on, jeliko\u017e i na n\u011bj m\u00e1 velmi mnoho vzpom\u00ednek z roku 2003, kdy Patrick je\u0161t\u011b pracoval pro Simple Plan.<\/p>\n<div class=\"fblikebutton_button\" style=\"float: left; padding-top: 20px; margin-right: 20px; padding-bottom: 20px; padding-left: 20px;\"><iframe src=\"http:\/\/www.facebook.com\/plugins\/like.php?href=https%3A%2F%2Fwww.simpleplan.cz%2Fcz%2Findex.php%2Fdavid-a-patrick-na-koncertu-avril-lavigne-v-montrealu%2F&amp;layout=standard&amp;show-faces=false&amp;width=450&amp;action=like&amp;colorscheme=light\" scrolling=\"no\" frameborder=\"0\" allowTransparency=\"true\" style=\"border:none; overflow:hidden; width:450px; height:26px\"><\/iframe><\/div>\n","protected":false},"excerpt":{"rendered":"<p>D\u016fkazem, \u017ee p\u0159\u00e1telstv\u00ed dok\u00e1\u017eou vydr\u017eet dlouh\u00e1 l\u00e9ta, je ur\u010dit\u011b i to mezi Simple Plan a<\/p>\n","protected":false},"author":5,"featured_media":0,"comment_status":"open","ping_status":"open","sticky":false,"template":"","format":"standard","meta":{"footnotes":"","fifu_image_url":"","fifu_image_alt":""},"categories":[2,9,6],"tags":[600,138],"yoast_head":"<!-- This site is optimized with the Yoast SEO plugin v20.9 - https:\/\/yoast.com\/wordpress\/plugins\/seo\/ -->\n<title>David a Patrick na koncertu Avril Lavigne a The New Cities v Montrealu | CZ: SimplePlan.cz<\/title>\n<meta name=\"robots\" content=\"index, follow, max-snippet:-1, max-image-preview:large, max-video-preview:-1\" \/>\n<link rel=\"canonical\" href=\"https:\/\/www.simpleplan.cz\/cz\/index.php\/david-a-patrick-na-koncertu-avril-lavigne-v-montrealu\/\" \/>\n<meta property=\"og:locale\" content=\"cs_CZ\" \/>\n<meta property=\"og:type\" content=\"article\" \/>\n<meta property=\"og:title\" content=\"David a Patrick na koncertu Avril Lavigne a The New Cities v Montrealu | CZ: SimplePlan.cz\" \/>\n<meta property=\"og:description\" content=\"D\u016fkazem, \u017ee p\u0159\u00e1telstv\u00ed dok\u00e1\u017eou vydr\u017eet dlouh\u00e1 l\u00e9ta, je ur\u010dit\u011b i to mezi Simple Plan a\" \/>\n<meta property=\"og:url\" content=\"https:\/\/www.simpleplan.cz\/cz\/index.php\/david-a-patrick-na-koncertu-avril-lavigne-v-montrealu\/\" \/>\n<meta property=\"og:site_name\" content=\"CZ: SimplePlan.cz\" \/>\n<meta property=\"article:publisher\" content=\"http:\/\/www.facebook.com\/simpleplancz\" \/>\n<meta property=\"article:published_time\" content=\"2011-10-26T10:05:23+00:00\" \/>\n<meta property=\"article:modified_time\" content=\"2023-06-26T07:03:03+00:00\" \/>\n<meta property=\"og:image\" content=\"http:\/\/www.simpleplan.cz\/gal\/2283.gif\" \/>\n<meta name=\"author\" content=\"Dominika\" \/>\n<meta name=\"twitter:card\" content=\"summary_large_image\" \/>\n<meta name=\"twitter:creator\" content=\"@simpleplancz\" \/>\n<meta name=\"twitter:site\" content=\"@simpleplancz\" \/>\n<meta name=\"twitter:label1\" content=\"Napsal(a)\" \/>\n\t<meta name=\"twitter:data1\" content=\"Dominika\" \/>\n\t<meta name=\"twitter:label2\" content=\"Odhadovan\u00e1 doba \u010dten\u00ed\" \/>\n\t<meta name=\"twitter:data2\" content=\"2 minuty\" \/>\n<script type=\"application\/ld+json\" class=\"yoast-schema-graph\">{\"@context\":\"https:\/\/schema.org\",\"@graph\":[{\"@type\":\"Article\",\"@id\":\"https:\/\/www.simpleplan.cz\/cz\/index.php\/david-a-patrick-na-koncertu-avril-lavigne-v-montrealu\/#article\",\"isPartOf\":{\"@id\":\"https:\/\/www.simpleplan.cz\/cz\/index.php\/david-a-patrick-na-koncertu-avril-lavigne-v-montrealu\/\"},\"author\":{\"name\":\"Dominika\",\"@id\":\"https:\/\/www.simpleplan.cz\/cz\/#\/schema\/person\/bb90dd25f4baab7793fc73ab0b783730\"},\"headline\":\"David a Patrick na koncertu Avril Lavigne a The New Cities v Montrealu\",\"datePublished\":\"2011-10-26T10:05:23+00:00\",\"dateModified\":\"2023-06-26T07:03:03+00:00\",\"mainEntityOfPage\":{\"@id\":\"https:\/\/www.simpleplan.cz\/cz\/index.php\/david-a-patrick-na-koncertu-avril-lavigne-v-montrealu\/\"},\"wordCount\":328,\"commentCount\":0,\"publisher\":{\"@id\":\"https:\/\/www.simpleplan.cz\/cz\/#organization\"},\"keywords\":[\"Avril Lavigne\",\"The New Cities\"],\"articleSection\":[\"David\",\"fotky\",\"Patrick\"],\"inLanguage\":\"cs\",\"potentialAction\":[{\"@type\":\"CommentAction\",\"name\":\"Comment\",\"target\":[\"https:\/\/www.simpleplan.cz\/cz\/index.php\/david-a-patrick-na-koncertu-avril-lavigne-v-montrealu\/#respond\"]}]},{\"@type\":\"WebPage\",\"@id\":\"https:\/\/www.simpleplan.cz\/cz\/index.php\/david-a-patrick-na-koncertu-avril-lavigne-v-montrealu\/\",\"url\":\"https:\/\/www.simpleplan.cz\/cz\/index.php\/david-a-patrick-na-koncertu-avril-lavigne-v-montrealu\/\",\"name\":\"David a Patrick na koncertu Avril Lavigne a The New Cities v Montrealu | CZ: SimplePlan.cz\",\"isPartOf\":{\"@id\":\"https:\/\/www.simpleplan.cz\/cz\/#website\"},\"datePublished\":\"2011-10-26T10:05:23+00:00\",\"dateModified\":\"2023-06-26T07:03:03+00:00\",\"breadcrumb\":{\"@id\":\"https:\/\/www.simpleplan.cz\/cz\/index.php\/david-a-patrick-na-koncertu-avril-lavigne-v-montrealu\/#breadcrumb\"},\"inLanguage\":\"cs\",\"potentialAction\":[{\"@type\":\"ReadAction\",\"target\":[\"https:\/\/www.simpleplan.cz\/cz\/index.php\/david-a-patrick-na-koncertu-avril-lavigne-v-montrealu\/\"]}]},{\"@type\":\"BreadcrumbList\",\"@id\":\"https:\/\/www.simpleplan.cz\/cz\/index.php\/david-a-patrick-na-koncertu-avril-lavigne-v-montrealu\/#breadcrumb\",\"itemListElement\":[{\"@type\":\"ListItem\",\"position\":1,\"name\":\"Dom\u016f\",\"item\":\"https:\/\/www.simpleplan.cz\/cz\/\"},{\"@type\":\"ListItem\",\"position\":2,\"name\":\"David\",\"item\":\"https:\/\/www.simpleplan.cz\/cz\/index.php\/category\/david\/\"},{\"@type\":\"ListItem\",\"position\":3,\"name\":\"David a Patrick na koncertu Avril Lavigne a The New Cities v Montrealu\"}]},{\"@type\":\"WebSite\",\"@id\":\"https:\/\/www.simpleplan.cz\/cz\/#website\",\"url\":\"https:\/\/www.simpleplan.cz\/cz\/\",\"name\":\"CZ: SimplePlan.cz\",\"description\":\"Nejlep\u0161\u00ed zdroj informac\u00ed o kapele Simple Plan\",\"publisher\":{\"@id\":\"https:\/\/www.simpleplan.cz\/cz\/#organization\"},\"potentialAction\":[{\"@type\":\"SearchAction\",\"target\":{\"@type\":\"EntryPoint\",\"urlTemplate\":\"https:\/\/www.simpleplan.cz\/cz\/?s={search_term_string}\"},\"query-input\":\"required name=search_term_string\"}],\"inLanguage\":\"cs\"},{\"@type\":\"Organization\",\"@id\":\"https:\/\/www.simpleplan.cz\/cz\/#organization\",\"name\":\"CZ: SimplePlan.cz\",\"url\":\"https:\/\/www.simpleplan.cz\/cz\/\",\"logo\":{\"@type\":\"ImageObject\",\"inLanguage\":\"cs\",\"@id\":\"https:\/\/www.simpleplan.cz\/cz\/#\/schema\/logo\/image\/\",\"url\":\"https:\/\/www.simpleplan.cz\/cz\/wp-content\/uploads\/spczlogo.png\",\"contentUrl\":\"https:\/\/www.simpleplan.cz\/cz\/wp-content\/uploads\/spczlogo.png\",\"width\":250,\"height\":190,\"caption\":\"CZ: SimplePlan.cz\"},\"image\":{\"@id\":\"https:\/\/www.simpleplan.cz\/cz\/#\/schema\/logo\/image\/\"},\"sameAs\":[\"http:\/\/www.facebook.com\/simpleplancz\",\"https:\/\/twitter.com\/simpleplancz\",\"http:\/\/www.instagram.com\/simpleplancz\",\"http:\/\/www.youtube.com\/simpleplancz\"]},{\"@type\":\"Person\",\"@id\":\"https:\/\/www.simpleplan.cz\/cz\/#\/schema\/person\/bb90dd25f4baab7793fc73ab0b783730\",\"name\":\"Dominika\",\"image\":{\"@type\":\"ImageObject\",\"inLanguage\":\"cs\",\"@id\":\"https:\/\/www.simpleplan.cz\/cz\/#\/schema\/person\/image\/\",\"url\":\"https:\/\/secure.gravatar.com\/avatar\/de55cb16a8578d56e96c89d1a0af3db5?s=96&d=mm&r=g\",\"contentUrl\":\"https:\/\/secure.gravatar.com\/avatar\/de55cb16a8578d56e96c89d1a0af3db5?s=96&d=mm&r=g\",\"caption\":\"Dominika\"},\"sameAs\":[\"http:\/\/www.simpleplan.cz\"],\"url\":\"https:\/\/www.simpleplan.cz\/cz\/index.php\/author\/admin-2\/\"}]}<\/script>\n<!-- \/ Yoast SEO plugin. -->","yoast_head_json":{"title":"David a Patrick na koncertu Avril Lavigne a The New Cities v Montrealu | CZ: SimplePlan.cz","robots":{"index":"index","follow":"follow","max-snippet":"max-snippet:-1","max-image-preview":"max-image-preview:large","max-video-preview":"max-video-preview:-1"},"canonical":"https:\/\/www.simpleplan.cz\/cz\/index.php\/david-a-patrick-na-koncertu-avril-lavigne-v-montrealu\/","og_locale":"cs_CZ","og_type":"article","og_title":"David a Patrick na koncertu Avril Lavigne a The New Cities v Montrealu | CZ: SimplePlan.cz","og_description":"D\u016fkazem, \u017ee p\u0159\u00e1telstv\u00ed dok\u00e1\u017eou vydr\u017eet dlouh\u00e1 l\u00e9ta, je ur\u010dit\u011b i to mezi Simple Plan a","og_url":"https:\/\/www.simpleplan.cz\/cz\/index.php\/david-a-patrick-na-koncertu-avril-lavigne-v-montrealu\/","og_site_name":"CZ: SimplePlan.cz","article_publisher":"http:\/\/www.facebook.com\/simpleplancz","article_published_time":"2011-10-26T10:05:23+00:00","article_modified_time":"2023-06-26T07:03:03+00:00","og_image":[{"url":"http:\/\/www.simpleplan.cz\/gal\/2283.gif"}],"author":"Dominika","twitter_card":"summary_large_image","twitter_creator":"@simpleplancz","twitter_site":"@simpleplancz","twitter_misc":{"Napsal(a)":"Dominika","Odhadovan\u00e1 doba \u010dten\u00ed":"2 minuty"},"schema":{"@context":"https:\/\/schema.org","@graph":[{"@type":"Article","@id":"https:\/\/www.simpleplan.cz\/cz\/index.php\/david-a-patrick-na-koncertu-avril-lavigne-v-montrealu\/#article","isPartOf":{"@id":"https:\/\/www.simpleplan.cz\/cz\/index.php\/david-a-patrick-na-koncertu-avril-lavigne-v-montrealu\/"},"author":{"name":"Dominika","@id":"https:\/\/www.simpleplan.cz\/cz\/#\/schema\/person\/bb90dd25f4baab7793fc73ab0b783730"},"headline":"David a Patrick na koncertu Avril Lavigne a The New Cities v Montrealu","datePublished":"2011-10-26T10:05:23+00:00","dateModified":"2023-06-26T07:03:03+00:00","mainEntityOfPage":{"@id":"https:\/\/www.simpleplan.cz\/cz\/index.php\/david-a-patrick-na-koncertu-avril-lavigne-v-montrealu\/"},"wordCount":328,"commentCount":0,"publisher":{"@id":"https:\/\/www.simpleplan.cz\/cz\/#organization"},"keywords":["Avril Lavigne","The New Cities"],"articleSection":["David","fotky","Patrick"],"inLanguage":"cs","potentialAction":[{"@type":"CommentAction","name":"Comment","target":["https:\/\/www.simpleplan.cz\/cz\/index.php\/david-a-patrick-na-koncertu-avril-lavigne-v-montrealu\/#respond"]}]},{"@type":"WebPage","@id":"https:\/\/www.simpleplan.cz\/cz\/index.php\/david-a-patrick-na-koncertu-avril-lavigne-v-montrealu\/","url":"https:\/\/www.simpleplan.cz\/cz\/index.php\/david-a-patrick-na-koncertu-avril-lavigne-v-montrealu\/","name":"David a Patrick na koncertu Avril Lavigne a The New Cities v Montrealu | CZ: SimplePlan.cz","isPartOf":{"@id":"https:\/\/www.simpleplan.cz\/cz\/#website"},"datePublished":"2011-10-26T10:05:23+00:00","dateModified":"2023-06-26T07:03:03+00:00","breadcrumb":{"@id":"https:\/\/www.simpleplan.cz\/cz\/index.php\/david-a-patrick-na-koncertu-avril-lavigne-v-montrealu\/#breadcrumb"},"inLanguage":"cs","potentialAction":[{"@type":"ReadAction","target":["https:\/\/www.simpleplan.cz\/cz\/index.php\/david-a-patrick-na-koncertu-avril-lavigne-v-montrealu\/"]}]},{"@type":"BreadcrumbList","@id":"https:\/\/www.simpleplan.cz\/cz\/index.php\/david-a-patrick-na-koncertu-avril-lavigne-v-montrealu\/#breadcrumb","itemListElement":[{"@type":"ListItem","position":1,"name":"Dom\u016f","item":"https:\/\/www.simpleplan.cz\/cz\/"},{"@type":"ListItem","position":2,"name":"David","item":"https:\/\/www.simpleplan.cz\/cz\/index.php\/category\/david\/"},{"@type":"ListItem","position":3,"name":"David a Patrick na koncertu Avril Lavigne a The New Cities v Montrealu"}]},{"@type":"WebSite","@id":"https:\/\/www.simpleplan.cz\/cz\/#website","url":"https:\/\/www.simpleplan.cz\/cz\/","name":"CZ: SimplePlan.cz","description":"Nejlep\u0161\u00ed zdroj informac\u00ed o kapele Simple Plan","publisher":{"@id":"https:\/\/www.simpleplan.cz\/cz\/#organization"},"potentialAction":[{"@type":"SearchAction","target":{"@type":"EntryPoint","urlTemplate":"https:\/\/www.simpleplan.cz\/cz\/?s={search_term_string}"},"query-input":"required name=search_term_string"}],"inLanguage":"cs"},{"@type":"Organization","@id":"https:\/\/www.simpleplan.cz\/cz\/#organization","name":"CZ: SimplePlan.cz","url":"https:\/\/www.simpleplan.cz\/cz\/","logo":{"@type":"ImageObject","inLanguage":"cs","@id":"https:\/\/www.simpleplan.cz\/cz\/#\/schema\/logo\/image\/","url":"https:\/\/www.simpleplan.cz\/cz\/wp-content\/uploads\/spczlogo.png","contentUrl":"https:\/\/www.simpleplan.cz\/cz\/wp-content\/uploads\/spczlogo.png","width":250,"height":190,"caption":"CZ: SimplePlan.cz"},"image":{"@id":"https:\/\/www.simpleplan.cz\/cz\/#\/schema\/logo\/image\/"},"sameAs":["http:\/\/www.facebook.com\/simpleplancz","https:\/\/twitter.com\/simpleplancz","http:\/\/www.instagram.com\/simpleplancz","http:\/\/www.youtube.com\/simpleplancz"]},{"@type":"Person","@id":"https:\/\/www.simpleplan.cz\/cz\/#\/schema\/person\/bb90dd25f4baab7793fc73ab0b783730","name":"Dominika","image":{"@type":"ImageObject","inLanguage":"cs","@id":"https:\/\/www.simpleplan.cz\/cz\/#\/schema\/person\/image\/","url":"https:\/\/secure.gravatar.com\/avatar\/de55cb16a8578d56e96c89d1a0af3db5?s=96&d=mm&r=g","contentUrl":"https:\/\/secure.gravatar.com\/avatar\/de55cb16a8578d56e96c89d1a0af3db5?s=96&d=mm&r=g","caption":"Dominika"},"sameAs":["http:\/\/www.simpleplan.cz"],"url":"https:\/\/www.simpleplan.cz\/cz\/index.php\/author\/admin-2\/"}]}},"featured_image_urls":{"full":"","thumbnail":"","medium":"","medium_large":"","large":"","1536x1536":"","2048x2048":"","elegant-magazine-featured":"","elegant-magazine-medium":"","elegant-magazine-medium-small":"","elegant-magazine-thumbnail-small":""},"author_info":{"display_name":"Dominika","author_link":"https:\/\/www.simpleplan.cz\/cz\/index.php\/author\/admin-2\/"},"category_info":"<a href=\"https:\/\/www.simpleplan.cz\/cz\/index.php\/category\/david\/\" rel=\"category tag\">David<\/a> <a href=\"https:\/\/www.simpleplan.cz\/cz\/index.php\/category\/fotky\/\" rel=\"category tag\">fotky<\/a> <a href=\"https:\/\/www.simpleplan.cz\/cz\/index.php\/category\/patrick\/\" rel=\"category tag\">Patrick<\/a>","tag_info":"Patrick","comment_count":"0","_links":{"self":[{"href":"https:\/\/www.simpleplan.cz\/cz\/index.php\/wp-json\/wp\/v2\/posts\/8198"}],"collection":[{"href":"https:\/\/www.simpleplan.cz\/cz\/index.php\/wp-json\/wp\/v2\/posts"}],"about":[{"href":"https:\/\/www.simpleplan.cz\/cz\/index.php\/wp-json\/wp\/v2\/types\/post"}],"author":[{"embeddable":true,"href":"https:\/\/www.simpleplan.cz\/cz\/index.php\/wp-json\/wp\/v2\/users\/5"}],"replies":[{"embeddable":true,"href":"https:\/\/www.simpleplan.cz\/cz\/index.php\/wp-json\/wp\/v2\/comments?post=8198"}],"version-history":[{"count":5,"href":"https:\/\/www.simpleplan.cz\/cz\/index.php\/wp-json\/wp\/v2\/posts\/8198\/revisions"}],"predecessor-version":[{"id":32505,"href":"https:\/\/www.simpleplan.cz\/cz\/index.php\/wp-json\/wp\/v2\/posts\/8198\/revisions\/32505"}],"wp:attachment":[{"href":"https:\/\/www.simpleplan.cz\/cz\/index.php\/wp-json\/wp\/v2\/media?parent=8198"}],"wp:term":[{"taxonomy":"category","embeddable":true,"href":"https:\/\/www.simpleplan.cz\/cz\/index.php\/wp-json\/wp\/v2\/categories?post=8198"},{"taxonomy":"post_tag","embeddable":true,"href":"https:\/\/www.simpleplan.cz\/cz\/index.php\/wp-json\/wp\/v2\/tags?post=8198"}],"curies":[{"name":"wp","href":"https:\/\/api.w.org\/{rel}","templated":true}]}}