{"id":9549,"date":"2012-03-21T11:12:12","date_gmt":"2012-03-21T10:12:12","guid":{"rendered":"http:\/\/www.simpleplan.cz\/cz\/?p=9549"},"modified":"2023-06-26T09:02:47","modified_gmt":"2023-06-26T07:02:47","slug":"simple-plan-vystoupi-na-svedskem-festivalu-peace-love","status":"publish","type":"post","link":"https:\/\/www.simpleplan.cz\/cz\/index.php\/simple-plan-vystoupi-na-svedskem-festivalu-peace-love\/","title":{"rendered":"Simple Plan vystoup\u00ed na \u0161v\u00e9dsk\u00e9m festivalu Peace &#038; Love"},"content":{"rendered":"<p><img decoding=\"async\" style=\"margin: 6px;\" src=\"http:\/\/www.simpleplan.cz\/news\/sp.gif\" alt=\"\" align=\"left\" \/>U\u017e se v\u00ed, \u017ee Simple Plan v dubnu nav\u0161t\u00edv\u00ed <b>\u0160v\u00e9dsko<\/b> v r\u00e1mci jejich evropsk\u00e9 turn\u00e9, jako regul\u00e9rn\u00ed koncert, nicm\u00e9n\u011b to vypad\u00e1 \u017ee je \u0161v\u00e9d\u0161t\u00ed fanou\u0161ci uvid\u00ed op\u011bt ji\u017e velice brzy. P\u0159ed malou chv\u00edl\u00ed bylo ozn\u00e1meno (a j\u00e1 za tuto informaci moc d\u011bkuji <i>Emelie<\/i>), \u017ee <b>se kluci budou do t\u00e9to zem\u011b vracet na festival Peace &#038; Love<\/b>, kter\u00fd se kon\u00e1 od 26. do 30. \u010dervna. <\/p>\n<p><strike>Zat\u00edm nen\u00ed jasn\u00e9, ve kter\u00fd den vystoup\u00ed pr\u00e1v\u011b Simple Plan, ale jeliko\u017e u\u017e v\u00edme, \u017ee 29. jsou potvrzeni v Praze na Prague City Festival, <b>ve \u0160v\u00e9dsku vystoup\u00ed s nejv\u011bt\u0161\u00ed pravd\u011bpodobnost\u00ed mezi 26. a 28. \u010dervnem<\/b>.<\/strike><\/p>\n<p>Simple Plan na tomto festivalu vystoup\u00ed 27. \u010dervna (op\u011bt d\u00edky <i>Emelie<\/i> za dopln\u011bn\u00ed).<\/p>\n<p>Krom\u011b Simple Plan tento festival nab\u00edz\u00ed velk\u00e9 mno\u017estv\u00ed dal\u0161\u00edch mezin\u00e1rodn\u00edch um\u011blc\u016f jako Rihanna, Skrillex, Regina Spektor, Rise Against, Billy Idol nebo Bloc Party.<\/p>\n<p><center><\/p>\n<table class=\"stats\" cellspacing=\"0\">\n<tr>\n<td class=\"hed\">Datum<\/td>\n<td class=\"hed\">Festival<\/td>\n<td class=\"hed\">Zem\u011b<\/td>\n<td class=\"hed\">Info<\/td>\n<\/tr>\n<tr>\n<td>27\/06\/2012<\/td>\n<td><b>Peace &#038; Love festival<\/b><\/td>\n<td>\u0160v\u00e9dsko<\/td>\n<td><a href=\"http:\/\/www.peaceandlove.se\" target=\"_blank\" rel=\"noopener\">zde<\/a><\/td>\n<\/tr>\n<tr>\n<\/table>\n<p>Prohl\u00e9dn\u011bte si v\u0161echna nadch\u00e1zej\u00edc\u00ed <a href=\"http:\/\/www.simpleplan.cz\/cz\/index.php\/kapela\/nadchazejici-koncerty\/\">koncertn\u00ed data<\/a> Simple Plan.<br \/>\n<\/center><\/p>\n<div class=\"fblikebutton_button\" style=\"float: left; padding-top: 20px; margin-right: 20px; padding-bottom: 20px; padding-left: 20px;\"><iframe src=\"http:\/\/www.facebook.com\/plugins\/like.php?href=https%3A%2F%2Fwww.simpleplan.cz%2Fcz%2Findex.php%2Fsimple-plan-vystoupi-na-svedskem-festivalu-peace-love%2F&amp;layout=standard&amp;show-faces=false&amp;width=450&amp;action=like&amp;colorscheme=light\" scrolling=\"no\" frameborder=\"0\" allowTransparency=\"true\" style=\"border:none; overflow:hidden; width:450px; height:26px\"><\/iframe><\/div>\n","protected":false},"excerpt":{"rendered":"<p>U\u017e se v\u00ed, \u017ee Simple Plan v dubnu nav\u0161t\u00edv\u00ed \u0160v\u00e9dsko v r\u00e1mci jejich evropsk\u00e9 turn\u00e9,<\/p>\n","protected":false},"author":5,"featured_media":0,"comment_status":"open","ping_status":"open","sticky":false,"template":"","format":"standard","meta":{"footnotes":"","fifu_image_url":"","fifu_image_alt":""},"categories":[8],"tags":[817,659],"yoast_head":"<!-- This site is optimized with the Yoast SEO plugin v20.9 - https:\/\/yoast.com\/wordpress\/plugins\/seo\/ -->\n<title>Simple Plan vystoup\u00ed na \u0161v\u00e9dsk\u00e9m festivalu Peace &amp; Love | CZ: SimplePlan.cz<\/title>\n<meta name=\"robots\" content=\"index, follow, max-snippet:-1, max-image-preview:large, max-video-preview:-1\" \/>\n<link rel=\"canonical\" href=\"https:\/\/www.simpleplan.cz\/cz\/index.php\/simple-plan-vystoupi-na-svedskem-festivalu-peace-love\/\" \/>\n<meta property=\"og:locale\" content=\"cs_CZ\" \/>\n<meta property=\"og:type\" content=\"article\" \/>\n<meta property=\"og:title\" content=\"Simple Plan vystoup\u00ed na \u0161v\u00e9dsk\u00e9m festivalu Peace &amp; Love | CZ: SimplePlan.cz\" \/>\n<meta property=\"og:description\" content=\"U\u017e se v\u00ed, \u017ee Simple Plan v dubnu nav\u0161t\u00edv\u00ed \u0160v\u00e9dsko v r\u00e1mci jejich evropsk\u00e9 turn\u00e9,\" \/>\n<meta property=\"og:url\" content=\"https:\/\/www.simpleplan.cz\/cz\/index.php\/simple-plan-vystoupi-na-svedskem-festivalu-peace-love\/\" \/>\n<meta property=\"og:site_name\" content=\"CZ: SimplePlan.cz\" \/>\n<meta property=\"article:publisher\" content=\"http:\/\/www.facebook.com\/simpleplancz\" \/>\n<meta property=\"article:published_time\" content=\"2012-03-21T10:12:12+00:00\" \/>\n<meta property=\"article:modified_time\" content=\"2023-06-26T07:02:47+00:00\" \/>\n<meta property=\"og:image\" content=\"http:\/\/www.simpleplan.cz\/news\/sp.gif\" \/>\n<meta name=\"author\" content=\"Dominika\" \/>\n<meta name=\"twitter:card\" content=\"summary_large_image\" \/>\n<meta name=\"twitter:creator\" content=\"@simpleplancz\" \/>\n<meta name=\"twitter:site\" content=\"@simpleplancz\" \/>\n<meta name=\"twitter:label1\" content=\"Napsal(a)\" \/>\n\t<meta name=\"twitter:data1\" content=\"Dominika\" \/>\n\t<meta name=\"twitter:label2\" content=\"Odhadovan\u00e1 doba \u010dten\u00ed\" \/>\n\t<meta name=\"twitter:data2\" content=\"1 minuta\" \/>\n<script type=\"application\/ld+json\" class=\"yoast-schema-graph\">{\"@context\":\"https:\/\/schema.org\",\"@graph\":[{\"@type\":\"Article\",\"@id\":\"https:\/\/www.simpleplan.cz\/cz\/index.php\/simple-plan-vystoupi-na-svedskem-festivalu-peace-love\/#article\",\"isPartOf\":{\"@id\":\"https:\/\/www.simpleplan.cz\/cz\/index.php\/simple-plan-vystoupi-na-svedskem-festivalu-peace-love\/\"},\"author\":{\"name\":\"Dominika\",\"@id\":\"https:\/\/www.simpleplan.cz\/cz\/#\/schema\/person\/bb90dd25f4baab7793fc73ab0b783730\"},\"headline\":\"Simple Plan vystoup\u00ed na \u0161v\u00e9dsk\u00e9m festivalu Peace &#038; Love\",\"datePublished\":\"2012-03-21T10:12:12+00:00\",\"dateModified\":\"2023-06-26T07:02:47+00:00\",\"mainEntityOfPage\":{\"@id\":\"https:\/\/www.simpleplan.cz\/cz\/index.php\/simple-plan-vystoupi-na-svedskem-festivalu-peace-love\/\"},\"wordCount\":191,\"commentCount\":0,\"publisher\":{\"@id\":\"https:\/\/www.simpleplan.cz\/cz\/#organization\"},\"keywords\":[\"Peace&amp;Love\",\"\u0160v\u00e9dsko\"],\"articleSection\":[\"koncerty\"],\"inLanguage\":\"cs\",\"potentialAction\":[{\"@type\":\"CommentAction\",\"name\":\"Comment\",\"target\":[\"https:\/\/www.simpleplan.cz\/cz\/index.php\/simple-plan-vystoupi-na-svedskem-festivalu-peace-love\/#respond\"]}]},{\"@type\":\"WebPage\",\"@id\":\"https:\/\/www.simpleplan.cz\/cz\/index.php\/simple-plan-vystoupi-na-svedskem-festivalu-peace-love\/\",\"url\":\"https:\/\/www.simpleplan.cz\/cz\/index.php\/simple-plan-vystoupi-na-svedskem-festivalu-peace-love\/\",\"name\":\"Simple Plan vystoup\u00ed na \u0161v\u00e9dsk\u00e9m festivalu Peace & Love | CZ: SimplePlan.cz\",\"isPartOf\":{\"@id\":\"https:\/\/www.simpleplan.cz\/cz\/#website\"},\"datePublished\":\"2012-03-21T10:12:12+00:00\",\"dateModified\":\"2023-06-26T07:02:47+00:00\",\"breadcrumb\":{\"@id\":\"https:\/\/www.simpleplan.cz\/cz\/index.php\/simple-plan-vystoupi-na-svedskem-festivalu-peace-love\/#breadcrumb\"},\"inLanguage\":\"cs\",\"potentialAction\":[{\"@type\":\"ReadAction\",\"target\":[\"https:\/\/www.simpleplan.cz\/cz\/index.php\/simple-plan-vystoupi-na-svedskem-festivalu-peace-love\/\"]}]},{\"@type\":\"BreadcrumbList\",\"@id\":\"https:\/\/www.simpleplan.cz\/cz\/index.php\/simple-plan-vystoupi-na-svedskem-festivalu-peace-love\/#breadcrumb\",\"itemListElement\":[{\"@type\":\"ListItem\",\"position\":1,\"name\":\"Dom\u016f\",\"item\":\"https:\/\/www.simpleplan.cz\/cz\/\"},{\"@type\":\"ListItem\",\"position\":2,\"name\":\"koncerty\",\"item\":\"https:\/\/www.simpleplan.cz\/cz\/index.php\/category\/koncerty\/\"},{\"@type\":\"ListItem\",\"position\":3,\"name\":\"Simple Plan vystoup\u00ed na \u0161v\u00e9dsk\u00e9m festivalu Peace &#038; Love\"}]},{\"@type\":\"WebSite\",\"@id\":\"https:\/\/www.simpleplan.cz\/cz\/#website\",\"url\":\"https:\/\/www.simpleplan.cz\/cz\/\",\"name\":\"CZ: SimplePlan.cz\",\"description\":\"Nejlep\u0161\u00ed zdroj informac\u00ed o kapele Simple Plan\",\"publisher\":{\"@id\":\"https:\/\/www.simpleplan.cz\/cz\/#organization\"},\"potentialAction\":[{\"@type\":\"SearchAction\",\"target\":{\"@type\":\"EntryPoint\",\"urlTemplate\":\"https:\/\/www.simpleplan.cz\/cz\/?s={search_term_string}\"},\"query-input\":\"required name=search_term_string\"}],\"inLanguage\":\"cs\"},{\"@type\":\"Organization\",\"@id\":\"https:\/\/www.simpleplan.cz\/cz\/#organization\",\"name\":\"CZ: SimplePlan.cz\",\"url\":\"https:\/\/www.simpleplan.cz\/cz\/\",\"logo\":{\"@type\":\"ImageObject\",\"inLanguage\":\"cs\",\"@id\":\"https:\/\/www.simpleplan.cz\/cz\/#\/schema\/logo\/image\/\",\"url\":\"https:\/\/www.simpleplan.cz\/cz\/wp-content\/uploads\/spczlogo.png\",\"contentUrl\":\"https:\/\/www.simpleplan.cz\/cz\/wp-content\/uploads\/spczlogo.png\",\"width\":250,\"height\":190,\"caption\":\"CZ: SimplePlan.cz\"},\"image\":{\"@id\":\"https:\/\/www.simpleplan.cz\/cz\/#\/schema\/logo\/image\/\"},\"sameAs\":[\"http:\/\/www.facebook.com\/simpleplancz\",\"https:\/\/twitter.com\/simpleplancz\",\"http:\/\/www.instagram.com\/simpleplancz\",\"http:\/\/www.youtube.com\/simpleplancz\"]},{\"@type\":\"Person\",\"@id\":\"https:\/\/www.simpleplan.cz\/cz\/#\/schema\/person\/bb90dd25f4baab7793fc73ab0b783730\",\"name\":\"Dominika\",\"image\":{\"@type\":\"ImageObject\",\"inLanguage\":\"cs\",\"@id\":\"https:\/\/www.simpleplan.cz\/cz\/#\/schema\/person\/image\/\",\"url\":\"https:\/\/secure.gravatar.com\/avatar\/de55cb16a8578d56e96c89d1a0af3db5?s=96&d=mm&r=g\",\"contentUrl\":\"https:\/\/secure.gravatar.com\/avatar\/de55cb16a8578d56e96c89d1a0af3db5?s=96&d=mm&r=g\",\"caption\":\"Dominika\"},\"sameAs\":[\"http:\/\/www.simpleplan.cz\"],\"url\":\"https:\/\/www.simpleplan.cz\/cz\/index.php\/author\/admin-2\/\"}]}<\/script>\n<!-- \/ Yoast SEO plugin. -->","yoast_head_json":{"title":"Simple Plan vystoup\u00ed na \u0161v\u00e9dsk\u00e9m festivalu Peace & Love | CZ: SimplePlan.cz","robots":{"index":"index","follow":"follow","max-snippet":"max-snippet:-1","max-image-preview":"max-image-preview:large","max-video-preview":"max-video-preview:-1"},"canonical":"https:\/\/www.simpleplan.cz\/cz\/index.php\/simple-plan-vystoupi-na-svedskem-festivalu-peace-love\/","og_locale":"cs_CZ","og_type":"article","og_title":"Simple Plan vystoup\u00ed na \u0161v\u00e9dsk\u00e9m festivalu Peace & Love | CZ: SimplePlan.cz","og_description":"U\u017e se v\u00ed, \u017ee Simple Plan v dubnu nav\u0161t\u00edv\u00ed \u0160v\u00e9dsko v r\u00e1mci jejich evropsk\u00e9 turn\u00e9,","og_url":"https:\/\/www.simpleplan.cz\/cz\/index.php\/simple-plan-vystoupi-na-svedskem-festivalu-peace-love\/","og_site_name":"CZ: SimplePlan.cz","article_publisher":"http:\/\/www.facebook.com\/simpleplancz","article_published_time":"2012-03-21T10:12:12+00:00","article_modified_time":"2023-06-26T07:02:47+00:00","og_image":[{"url":"http:\/\/www.simpleplan.cz\/news\/sp.gif"}],"author":"Dominika","twitter_card":"summary_large_image","twitter_creator":"@simpleplancz","twitter_site":"@simpleplancz","twitter_misc":{"Napsal(a)":"Dominika","Odhadovan\u00e1 doba \u010dten\u00ed":"1 minuta"},"schema":{"@context":"https:\/\/schema.org","@graph":[{"@type":"Article","@id":"https:\/\/www.simpleplan.cz\/cz\/index.php\/simple-plan-vystoupi-na-svedskem-festivalu-peace-love\/#article","isPartOf":{"@id":"https:\/\/www.simpleplan.cz\/cz\/index.php\/simple-plan-vystoupi-na-svedskem-festivalu-peace-love\/"},"author":{"name":"Dominika","@id":"https:\/\/www.simpleplan.cz\/cz\/#\/schema\/person\/bb90dd25f4baab7793fc73ab0b783730"},"headline":"Simple Plan vystoup\u00ed na \u0161v\u00e9dsk\u00e9m festivalu Peace &#038; Love","datePublished":"2012-03-21T10:12:12+00:00","dateModified":"2023-06-26T07:02:47+00:00","mainEntityOfPage":{"@id":"https:\/\/www.simpleplan.cz\/cz\/index.php\/simple-plan-vystoupi-na-svedskem-festivalu-peace-love\/"},"wordCount":191,"commentCount":0,"publisher":{"@id":"https:\/\/www.simpleplan.cz\/cz\/#organization"},"keywords":["Peace&amp;Love","\u0160v\u00e9dsko"],"articleSection":["koncerty"],"inLanguage":"cs","potentialAction":[{"@type":"CommentAction","name":"Comment","target":["https:\/\/www.simpleplan.cz\/cz\/index.php\/simple-plan-vystoupi-na-svedskem-festivalu-peace-love\/#respond"]}]},{"@type":"WebPage","@id":"https:\/\/www.simpleplan.cz\/cz\/index.php\/simple-plan-vystoupi-na-svedskem-festivalu-peace-love\/","url":"https:\/\/www.simpleplan.cz\/cz\/index.php\/simple-plan-vystoupi-na-svedskem-festivalu-peace-love\/","name":"Simple Plan vystoup\u00ed na \u0161v\u00e9dsk\u00e9m festivalu Peace & Love | CZ: SimplePlan.cz","isPartOf":{"@id":"https:\/\/www.simpleplan.cz\/cz\/#website"},"datePublished":"2012-03-21T10:12:12+00:00","dateModified":"2023-06-26T07:02:47+00:00","breadcrumb":{"@id":"https:\/\/www.simpleplan.cz\/cz\/index.php\/simple-plan-vystoupi-na-svedskem-festivalu-peace-love\/#breadcrumb"},"inLanguage":"cs","potentialAction":[{"@type":"ReadAction","target":["https:\/\/www.simpleplan.cz\/cz\/index.php\/simple-plan-vystoupi-na-svedskem-festivalu-peace-love\/"]}]},{"@type":"BreadcrumbList","@id":"https:\/\/www.simpleplan.cz\/cz\/index.php\/simple-plan-vystoupi-na-svedskem-festivalu-peace-love\/#breadcrumb","itemListElement":[{"@type":"ListItem","position":1,"name":"Dom\u016f","item":"https:\/\/www.simpleplan.cz\/cz\/"},{"@type":"ListItem","position":2,"name":"koncerty","item":"https:\/\/www.simpleplan.cz\/cz\/index.php\/category\/koncerty\/"},{"@type":"ListItem","position":3,"name":"Simple Plan vystoup\u00ed na \u0161v\u00e9dsk\u00e9m festivalu Peace &#038; Love"}]},{"@type":"WebSite","@id":"https:\/\/www.simpleplan.cz\/cz\/#website","url":"https:\/\/www.simpleplan.cz\/cz\/","name":"CZ: SimplePlan.cz","description":"Nejlep\u0161\u00ed zdroj informac\u00ed o kapele Simple Plan","publisher":{"@id":"https:\/\/www.simpleplan.cz\/cz\/#organization"},"potentialAction":[{"@type":"SearchAction","target":{"@type":"EntryPoint","urlTemplate":"https:\/\/www.simpleplan.cz\/cz\/?s={search_term_string}"},"query-input":"required name=search_term_string"}],"inLanguage":"cs"},{"@type":"Organization","@id":"https:\/\/www.simpleplan.cz\/cz\/#organization","name":"CZ: SimplePlan.cz","url":"https:\/\/www.simpleplan.cz\/cz\/","logo":{"@type":"ImageObject","inLanguage":"cs","@id":"https:\/\/www.simpleplan.cz\/cz\/#\/schema\/logo\/image\/","url":"https:\/\/www.simpleplan.cz\/cz\/wp-content\/uploads\/spczlogo.png","contentUrl":"https:\/\/www.simpleplan.cz\/cz\/wp-content\/uploads\/spczlogo.png","width":250,"height":190,"caption":"CZ: SimplePlan.cz"},"image":{"@id":"https:\/\/www.simpleplan.cz\/cz\/#\/schema\/logo\/image\/"},"sameAs":["http:\/\/www.facebook.com\/simpleplancz","https:\/\/twitter.com\/simpleplancz","http:\/\/www.instagram.com\/simpleplancz","http:\/\/www.youtube.com\/simpleplancz"]},{"@type":"Person","@id":"https:\/\/www.simpleplan.cz\/cz\/#\/schema\/person\/bb90dd25f4baab7793fc73ab0b783730","name":"Dominika","image":{"@type":"ImageObject","inLanguage":"cs","@id":"https:\/\/www.simpleplan.cz\/cz\/#\/schema\/person\/image\/","url":"https:\/\/secure.gravatar.com\/avatar\/de55cb16a8578d56e96c89d1a0af3db5?s=96&d=mm&r=g","contentUrl":"https:\/\/secure.gravatar.com\/avatar\/de55cb16a8578d56e96c89d1a0af3db5?s=96&d=mm&r=g","caption":"Dominika"},"sameAs":["http:\/\/www.simpleplan.cz"],"url":"https:\/\/www.simpleplan.cz\/cz\/index.php\/author\/admin-2\/"}]}},"featured_image_urls":{"full":"","thumbnail":"","medium":"","medium_large":"","large":"","1536x1536":"","2048x2048":"","elegant-magazine-featured":"","elegant-magazine-medium":"","elegant-magazine-medium-small":"","elegant-magazine-thumbnail-small":""},"author_info":{"display_name":"Dominika","author_link":"https:\/\/www.simpleplan.cz\/cz\/index.php\/author\/admin-2\/"},"category_info":"<a href=\"https:\/\/www.simpleplan.cz\/cz\/index.php\/category\/koncerty\/\" rel=\"category tag\">koncerty<\/a>","tag_info":"koncerty","comment_count":"0","_links":{"self":[{"href":"https:\/\/www.simpleplan.cz\/cz\/index.php\/wp-json\/wp\/v2\/posts\/9549"}],"collection":[{"href":"https:\/\/www.simpleplan.cz\/cz\/index.php\/wp-json\/wp\/v2\/posts"}],"about":[{"href":"https:\/\/www.simpleplan.cz\/cz\/index.php\/wp-json\/wp\/v2\/types\/post"}],"author":[{"embeddable":true,"href":"https:\/\/www.simpleplan.cz\/cz\/index.php\/wp-json\/wp\/v2\/users\/5"}],"replies":[{"embeddable":true,"href":"https:\/\/www.simpleplan.cz\/cz\/index.php\/wp-json\/wp\/v2\/comments?post=9549"}],"version-history":[{"count":4,"href":"https:\/\/www.simpleplan.cz\/cz\/index.php\/wp-json\/wp\/v2\/posts\/9549\/revisions"}],"predecessor-version":[{"id":32296,"href":"https:\/\/www.simpleplan.cz\/cz\/index.php\/wp-json\/wp\/v2\/posts\/9549\/revisions\/32296"}],"wp:attachment":[{"href":"https:\/\/www.simpleplan.cz\/cz\/index.php\/wp-json\/wp\/v2\/media?parent=9549"}],"wp:term":[{"taxonomy":"category","embeddable":true,"href":"https:\/\/www.simpleplan.cz\/cz\/index.php\/wp-json\/wp\/v2\/categories?post=9549"},{"taxonomy":"post_tag","embeddable":true,"href":"https:\/\/www.simpleplan.cz\/cz\/index.php\/wp-json\/wp\/v2\/tags?post=9549"}],"curies":[{"name":"wp","href":"https:\/\/api.w.org\/{rel}","templated":true}]}}