{"id":9586,"date":"2012-03-25T22:17:29","date_gmt":"2012-03-25T20:17:29","guid":{"rendered":"http:\/\/www.simpleplan.cz\/cz\/?p=9586"},"modified":"2023-06-26T09:02:47","modified_gmt":"2023-06-26T07:02:47","slug":"fotoupdate-z-turne-po-nemecku","status":"publish","type":"post","link":"https:\/\/www.simpleplan.cz\/cz\/index.php\/fotoupdate-z-turne-po-nemecku\/","title":{"rendered":"Fotoupdate z turn\u00e9 po N\u011bmecku"},"content":{"rendered":"<p><img decoding=\"async\" style=\"margin: 6px;\" src=\"http:\/\/www.simpleplan.cz\/gal\/2519.gif\" alt=\"\" align=\"left\" \/><br \/>\nTuto sobotu zakon\u010dili Simple Plan sv\u00e9 turn\u00e9 po N\u011bmecku. B\u011bhem jednoho t\u00fddne kluci zahr\u00e1li po des\u00edtky tis\u00edc fanou\u0161k\u016f po p\u011bti velk\u00fdch n\u011bmeck\u00fdch m\u011bstech: <b>Neu-Isenburg, Hamburk, Berl\u00edn, Kol\u00edn a Mnichov<\/b>. <\/p>\n<p>Hned prvn\u00ed koncert se konal v den 10. v\u00fdro\u010d\u00ed jejich prvn\u00ed desky, tak\u017ee v\u0161echny n\u00e1sleduj\u00edc\u00ed koncerty pot\u00e9 v\u017edy vzd\u00e1vali tomuto albu hold, a to p\u0159edev\u0161\u00edm novou medley, kter\u00e1 obsahuje mix celkem p\u011bti p\u00edsn\u00ed z tohoto alba.<\/p>\n<p>Jeliko\u017e jsem byla na p\u00e1r dn\u00ed pry\u010d (pr\u00e1v\u011b na SP), tady jsou se zpo\u017ed\u011bn\u00edm odkazy na <b>fotografie z Berl\u00edna a Kol\u00edna<\/b>:<\/p>\n<p><center><a href=\"http:\/\/www.simpleplan.cz\/gallery\/thumbnails.php?album=1340\" target=\"_blank\" rel=\"noopener\"><img decoding=\"async\" src=\"http:\/\/www.simpleplan.cz\/gal\/2552.gif\"><\/a> <a href=\"http:\/\/www.simpleplan.cz\/gallery\/thumbnails.php?album=1342\" target=\"_blank\" rel=\"noopener\"><img decoding=\"async\" src=\"http:\/\/www.simpleplan.cz\/gal\/2551.gif\"><\/a><\/center><\/p>\n<p>A z Mnichova jsem v\u00e1m p\u0159inesla hned n\u011bkolik vlastn\u00edch fotografi\u00ed. M\u016f\u017eete se nyn\u00ed pod\u00edvat jak to vypadalo v\u010dera na <b>soundchecku v Mnichov\u011b<\/b> a tak\u00e9 tu pro v\u00e1s m\u00e1m n\u011bkolik fotek p\u0159\u00edmo z <b>koncertu v Mnichov\u011b<\/b>. Po z\u00edt\u0159ku bych toho pro v\u00e1s m\u011bla m\u00edt je\u0161t\u011b mnohem v\u00edc, tak se mysl\u00edm m\u00e1te na co t\u011b\u0161it :)<\/p>\n<p><center><a href=\"http:\/\/www.simpleplan.cz\/gallery\/thumbnails.php?album=1345\" target=\"_blank\" rel=\"noopener\"><img decoding=\"async\" src=\"http:\/\/www.simpleplan.cz\/gal\/2550.gif\"><\/a> <a href=\"http:\/\/www.simpleplan.cz\/gallery\/thumbnails.php?album=1343\" target=\"_blank\" rel=\"noopener\"><img decoding=\"async\" src=\"http:\/\/www.simpleplan.cz\/gal\/2549.gif\"><\/a><\/center><\/p>\n<div class=\"fblikebutton_button\" style=\"float: left; padding-top: 20px; margin-right: 20px; padding-bottom: 20px; padding-left: 20px;\"><iframe src=\"http:\/\/www.facebook.com\/plugins\/like.php?href=https%3A%2F%2Fwww.simpleplan.cz%2Fcz%2Findex.php%2Ffotoupdate-z-turne-po-nemecku%2F&amp;layout=standard&amp;show-faces=false&amp;width=450&amp;action=like&amp;colorscheme=light\" scrolling=\"no\" frameborder=\"0\" allowTransparency=\"true\" style=\"border:none; overflow:hidden; width:450px; height:26px\"><\/iframe><\/div>\n","protected":false},"excerpt":{"rendered":"<p>Tuto sobotu zakon\u010dili Simple Plan sv\u00e9 turn\u00e9 po N\u011bmecku. B\u011bhem jednoho t\u00fddne kluci zahr\u00e1li po<\/p>\n","protected":false},"author":5,"featured_media":0,"comment_status":"open","ping_status":"open","sticky":false,"template":"","format":"standard","meta":{"footnotes":"","fifu_image_url":"","fifu_image_alt":""},"categories":[9,8],"tags":[818,551,821,518,347],"yoast_head":"<!-- This site is optimized with the Yoast SEO plugin v20.9 - https:\/\/yoast.com\/wordpress\/plugins\/seo\/ -->\n<title>Fotoupdate z turn\u00e9 po N\u011bmecku | CZ: SimplePlan.cz<\/title>\n<meta name=\"robots\" content=\"index, follow, max-snippet:-1, max-image-preview:large, max-video-preview:-1\" \/>\n<link rel=\"canonical\" href=\"https:\/\/www.simpleplan.cz\/cz\/index.php\/fotoupdate-z-turne-po-nemecku\/\" \/>\n<meta property=\"og:locale\" content=\"cs_CZ\" \/>\n<meta property=\"og:type\" content=\"article\" \/>\n<meta property=\"og:title\" content=\"Fotoupdate z turn\u00e9 po N\u011bmecku | CZ: SimplePlan.cz\" \/>\n<meta property=\"og:description\" content=\"Tuto sobotu zakon\u010dili Simple Plan sv\u00e9 turn\u00e9 po N\u011bmecku. B\u011bhem jednoho t\u00fddne kluci zahr\u00e1li po\" \/>\n<meta property=\"og:url\" content=\"https:\/\/www.simpleplan.cz\/cz\/index.php\/fotoupdate-z-turne-po-nemecku\/\" \/>\n<meta property=\"og:site_name\" content=\"CZ: SimplePlan.cz\" \/>\n<meta property=\"article:publisher\" content=\"http:\/\/www.facebook.com\/simpleplancz\" \/>\n<meta property=\"article:published_time\" content=\"2012-03-25T20:17:29+00:00\" \/>\n<meta property=\"article:modified_time\" content=\"2023-06-26T07:02:47+00:00\" \/>\n<meta property=\"og:image\" content=\"http:\/\/www.simpleplan.cz\/gal\/2519.gif\" \/>\n<meta name=\"author\" content=\"Dominika\" \/>\n<meta name=\"twitter:card\" content=\"summary_large_image\" \/>\n<meta name=\"twitter:creator\" content=\"@simpleplancz\" \/>\n<meta name=\"twitter:site\" content=\"@simpleplancz\" \/>\n<meta name=\"twitter:label1\" content=\"Napsal(a)\" \/>\n\t<meta name=\"twitter:data1\" content=\"Dominika\" \/>\n\t<meta name=\"twitter:label2\" content=\"Odhadovan\u00e1 doba \u010dten\u00ed\" \/>\n\t<meta name=\"twitter:data2\" content=\"1 minuta\" \/>\n<script type=\"application\/ld+json\" class=\"yoast-schema-graph\">{\"@context\":\"https:\/\/schema.org\",\"@graph\":[{\"@type\":\"Article\",\"@id\":\"https:\/\/www.simpleplan.cz\/cz\/index.php\/fotoupdate-z-turne-po-nemecku\/#article\",\"isPartOf\":{\"@id\":\"https:\/\/www.simpleplan.cz\/cz\/index.php\/fotoupdate-z-turne-po-nemecku\/\"},\"author\":{\"name\":\"Dominika\",\"@id\":\"https:\/\/www.simpleplan.cz\/cz\/#\/schema\/person\/bb90dd25f4baab7793fc73ab0b783730\"},\"headline\":\"Fotoupdate z turn\u00e9 po N\u011bmecku\",\"datePublished\":\"2012-03-25T20:17:29+00:00\",\"dateModified\":\"2023-06-26T07:02:47+00:00\",\"mainEntityOfPage\":{\"@id\":\"https:\/\/www.simpleplan.cz\/cz\/index.php\/fotoupdate-z-turne-po-nemecku\/\"},\"wordCount\":198,\"commentCount\":0,\"publisher\":{\"@id\":\"https:\/\/www.simpleplan.cz\/cz\/#organization\"},\"keywords\":[\"Berl\u00edn\",\"Evropsk\u00e9 turn\u00e9\",\"Kol\u00edn\",\"Mnichov\",\"N\u011bmecko\"],\"articleSection\":[\"fotky\",\"koncerty\"],\"inLanguage\":\"cs\",\"potentialAction\":[{\"@type\":\"CommentAction\",\"name\":\"Comment\",\"target\":[\"https:\/\/www.simpleplan.cz\/cz\/index.php\/fotoupdate-z-turne-po-nemecku\/#respond\"]}]},{\"@type\":\"WebPage\",\"@id\":\"https:\/\/www.simpleplan.cz\/cz\/index.php\/fotoupdate-z-turne-po-nemecku\/\",\"url\":\"https:\/\/www.simpleplan.cz\/cz\/index.php\/fotoupdate-z-turne-po-nemecku\/\",\"name\":\"Fotoupdate z turn\u00e9 po N\u011bmecku | CZ: SimplePlan.cz\",\"isPartOf\":{\"@id\":\"https:\/\/www.simpleplan.cz\/cz\/#website\"},\"datePublished\":\"2012-03-25T20:17:29+00:00\",\"dateModified\":\"2023-06-26T07:02:47+00:00\",\"breadcrumb\":{\"@id\":\"https:\/\/www.simpleplan.cz\/cz\/index.php\/fotoupdate-z-turne-po-nemecku\/#breadcrumb\"},\"inLanguage\":\"cs\",\"potentialAction\":[{\"@type\":\"ReadAction\",\"target\":[\"https:\/\/www.simpleplan.cz\/cz\/index.php\/fotoupdate-z-turne-po-nemecku\/\"]}]},{\"@type\":\"BreadcrumbList\",\"@id\":\"https:\/\/www.simpleplan.cz\/cz\/index.php\/fotoupdate-z-turne-po-nemecku\/#breadcrumb\",\"itemListElement\":[{\"@type\":\"ListItem\",\"position\":1,\"name\":\"Dom\u016f\",\"item\":\"https:\/\/www.simpleplan.cz\/cz\/\"},{\"@type\":\"ListItem\",\"position\":2,\"name\":\"fotky\",\"item\":\"https:\/\/www.simpleplan.cz\/cz\/index.php\/category\/fotky\/\"},{\"@type\":\"ListItem\",\"position\":3,\"name\":\"Fotoupdate z turn\u00e9 po N\u011bmecku\"}]},{\"@type\":\"WebSite\",\"@id\":\"https:\/\/www.simpleplan.cz\/cz\/#website\",\"url\":\"https:\/\/www.simpleplan.cz\/cz\/\",\"name\":\"CZ: SimplePlan.cz\",\"description\":\"Nejlep\u0161\u00ed zdroj informac\u00ed o kapele Simple Plan\",\"publisher\":{\"@id\":\"https:\/\/www.simpleplan.cz\/cz\/#organization\"},\"potentialAction\":[{\"@type\":\"SearchAction\",\"target\":{\"@type\":\"EntryPoint\",\"urlTemplate\":\"https:\/\/www.simpleplan.cz\/cz\/?s={search_term_string}\"},\"query-input\":\"required name=search_term_string\"}],\"inLanguage\":\"cs\"},{\"@type\":\"Organization\",\"@id\":\"https:\/\/www.simpleplan.cz\/cz\/#organization\",\"name\":\"CZ: SimplePlan.cz\",\"url\":\"https:\/\/www.simpleplan.cz\/cz\/\",\"logo\":{\"@type\":\"ImageObject\",\"inLanguage\":\"cs\",\"@id\":\"https:\/\/www.simpleplan.cz\/cz\/#\/schema\/logo\/image\/\",\"url\":\"https:\/\/www.simpleplan.cz\/cz\/wp-content\/uploads\/spczlogo.png\",\"contentUrl\":\"https:\/\/www.simpleplan.cz\/cz\/wp-content\/uploads\/spczlogo.png\",\"width\":250,\"height\":190,\"caption\":\"CZ: SimplePlan.cz\"},\"image\":{\"@id\":\"https:\/\/www.simpleplan.cz\/cz\/#\/schema\/logo\/image\/\"},\"sameAs\":[\"http:\/\/www.facebook.com\/simpleplancz\",\"https:\/\/twitter.com\/simpleplancz\",\"http:\/\/www.instagram.com\/simpleplancz\",\"http:\/\/www.youtube.com\/simpleplancz\"]},{\"@type\":\"Person\",\"@id\":\"https:\/\/www.simpleplan.cz\/cz\/#\/schema\/person\/bb90dd25f4baab7793fc73ab0b783730\",\"name\":\"Dominika\",\"image\":{\"@type\":\"ImageObject\",\"inLanguage\":\"cs\",\"@id\":\"https:\/\/www.simpleplan.cz\/cz\/#\/schema\/person\/image\/\",\"url\":\"https:\/\/secure.gravatar.com\/avatar\/de55cb16a8578d56e96c89d1a0af3db5?s=96&d=mm&r=g\",\"contentUrl\":\"https:\/\/secure.gravatar.com\/avatar\/de55cb16a8578d56e96c89d1a0af3db5?s=96&d=mm&r=g\",\"caption\":\"Dominika\"},\"sameAs\":[\"http:\/\/www.simpleplan.cz\"],\"url\":\"https:\/\/www.simpleplan.cz\/cz\/index.php\/author\/admin-2\/\"}]}<\/script>\n<!-- \/ Yoast SEO plugin. -->","yoast_head_json":{"title":"Fotoupdate z turn\u00e9 po N\u011bmecku | CZ: SimplePlan.cz","robots":{"index":"index","follow":"follow","max-snippet":"max-snippet:-1","max-image-preview":"max-image-preview:large","max-video-preview":"max-video-preview:-1"},"canonical":"https:\/\/www.simpleplan.cz\/cz\/index.php\/fotoupdate-z-turne-po-nemecku\/","og_locale":"cs_CZ","og_type":"article","og_title":"Fotoupdate z turn\u00e9 po N\u011bmecku | CZ: SimplePlan.cz","og_description":"Tuto sobotu zakon\u010dili Simple Plan sv\u00e9 turn\u00e9 po N\u011bmecku. B\u011bhem jednoho t\u00fddne kluci zahr\u00e1li po","og_url":"https:\/\/www.simpleplan.cz\/cz\/index.php\/fotoupdate-z-turne-po-nemecku\/","og_site_name":"CZ: SimplePlan.cz","article_publisher":"http:\/\/www.facebook.com\/simpleplancz","article_published_time":"2012-03-25T20:17:29+00:00","article_modified_time":"2023-06-26T07:02:47+00:00","og_image":[{"url":"http:\/\/www.simpleplan.cz\/gal\/2519.gif"}],"author":"Dominika","twitter_card":"summary_large_image","twitter_creator":"@simpleplancz","twitter_site":"@simpleplancz","twitter_misc":{"Napsal(a)":"Dominika","Odhadovan\u00e1 doba \u010dten\u00ed":"1 minuta"},"schema":{"@context":"https:\/\/schema.org","@graph":[{"@type":"Article","@id":"https:\/\/www.simpleplan.cz\/cz\/index.php\/fotoupdate-z-turne-po-nemecku\/#article","isPartOf":{"@id":"https:\/\/www.simpleplan.cz\/cz\/index.php\/fotoupdate-z-turne-po-nemecku\/"},"author":{"name":"Dominika","@id":"https:\/\/www.simpleplan.cz\/cz\/#\/schema\/person\/bb90dd25f4baab7793fc73ab0b783730"},"headline":"Fotoupdate z turn\u00e9 po N\u011bmecku","datePublished":"2012-03-25T20:17:29+00:00","dateModified":"2023-06-26T07:02:47+00:00","mainEntityOfPage":{"@id":"https:\/\/www.simpleplan.cz\/cz\/index.php\/fotoupdate-z-turne-po-nemecku\/"},"wordCount":198,"commentCount":0,"publisher":{"@id":"https:\/\/www.simpleplan.cz\/cz\/#organization"},"keywords":["Berl\u00edn","Evropsk\u00e9 turn\u00e9","Kol\u00edn","Mnichov","N\u011bmecko"],"articleSection":["fotky","koncerty"],"inLanguage":"cs","potentialAction":[{"@type":"CommentAction","name":"Comment","target":["https:\/\/www.simpleplan.cz\/cz\/index.php\/fotoupdate-z-turne-po-nemecku\/#respond"]}]},{"@type":"WebPage","@id":"https:\/\/www.simpleplan.cz\/cz\/index.php\/fotoupdate-z-turne-po-nemecku\/","url":"https:\/\/www.simpleplan.cz\/cz\/index.php\/fotoupdate-z-turne-po-nemecku\/","name":"Fotoupdate z turn\u00e9 po N\u011bmecku | CZ: SimplePlan.cz","isPartOf":{"@id":"https:\/\/www.simpleplan.cz\/cz\/#website"},"datePublished":"2012-03-25T20:17:29+00:00","dateModified":"2023-06-26T07:02:47+00:00","breadcrumb":{"@id":"https:\/\/www.simpleplan.cz\/cz\/index.php\/fotoupdate-z-turne-po-nemecku\/#breadcrumb"},"inLanguage":"cs","potentialAction":[{"@type":"ReadAction","target":["https:\/\/www.simpleplan.cz\/cz\/index.php\/fotoupdate-z-turne-po-nemecku\/"]}]},{"@type":"BreadcrumbList","@id":"https:\/\/www.simpleplan.cz\/cz\/index.php\/fotoupdate-z-turne-po-nemecku\/#breadcrumb","itemListElement":[{"@type":"ListItem","position":1,"name":"Dom\u016f","item":"https:\/\/www.simpleplan.cz\/cz\/"},{"@type":"ListItem","position":2,"name":"fotky","item":"https:\/\/www.simpleplan.cz\/cz\/index.php\/category\/fotky\/"},{"@type":"ListItem","position":3,"name":"Fotoupdate z turn\u00e9 po N\u011bmecku"}]},{"@type":"WebSite","@id":"https:\/\/www.simpleplan.cz\/cz\/#website","url":"https:\/\/www.simpleplan.cz\/cz\/","name":"CZ: SimplePlan.cz","description":"Nejlep\u0161\u00ed zdroj informac\u00ed o kapele Simple Plan","publisher":{"@id":"https:\/\/www.simpleplan.cz\/cz\/#organization"},"potentialAction":[{"@type":"SearchAction","target":{"@type":"EntryPoint","urlTemplate":"https:\/\/www.simpleplan.cz\/cz\/?s={search_term_string}"},"query-input":"required name=search_term_string"}],"inLanguage":"cs"},{"@type":"Organization","@id":"https:\/\/www.simpleplan.cz\/cz\/#organization","name":"CZ: SimplePlan.cz","url":"https:\/\/www.simpleplan.cz\/cz\/","logo":{"@type":"ImageObject","inLanguage":"cs","@id":"https:\/\/www.simpleplan.cz\/cz\/#\/schema\/logo\/image\/","url":"https:\/\/www.simpleplan.cz\/cz\/wp-content\/uploads\/spczlogo.png","contentUrl":"https:\/\/www.simpleplan.cz\/cz\/wp-content\/uploads\/spczlogo.png","width":250,"height":190,"caption":"CZ: SimplePlan.cz"},"image":{"@id":"https:\/\/www.simpleplan.cz\/cz\/#\/schema\/logo\/image\/"},"sameAs":["http:\/\/www.facebook.com\/simpleplancz","https:\/\/twitter.com\/simpleplancz","http:\/\/www.instagram.com\/simpleplancz","http:\/\/www.youtube.com\/simpleplancz"]},{"@type":"Person","@id":"https:\/\/www.simpleplan.cz\/cz\/#\/schema\/person\/bb90dd25f4baab7793fc73ab0b783730","name":"Dominika","image":{"@type":"ImageObject","inLanguage":"cs","@id":"https:\/\/www.simpleplan.cz\/cz\/#\/schema\/person\/image\/","url":"https:\/\/secure.gravatar.com\/avatar\/de55cb16a8578d56e96c89d1a0af3db5?s=96&d=mm&r=g","contentUrl":"https:\/\/secure.gravatar.com\/avatar\/de55cb16a8578d56e96c89d1a0af3db5?s=96&d=mm&r=g","caption":"Dominika"},"sameAs":["http:\/\/www.simpleplan.cz"],"url":"https:\/\/www.simpleplan.cz\/cz\/index.php\/author\/admin-2\/"}]}},"featured_image_urls":{"full":"","thumbnail":"","medium":"","medium_large":"","large":"","1536x1536":"","2048x2048":"","elegant-magazine-featured":"","elegant-magazine-medium":"","elegant-magazine-medium-small":"","elegant-magazine-thumbnail-small":""},"author_info":{"display_name":"Dominika","author_link":"https:\/\/www.simpleplan.cz\/cz\/index.php\/author\/admin-2\/"},"category_info":"<a href=\"https:\/\/www.simpleplan.cz\/cz\/index.php\/category\/fotky\/\" rel=\"category tag\">fotky<\/a> <a href=\"https:\/\/www.simpleplan.cz\/cz\/index.php\/category\/koncerty\/\" rel=\"category tag\">koncerty<\/a>","tag_info":"koncerty","comment_count":"0","_links":{"self":[{"href":"https:\/\/www.simpleplan.cz\/cz\/index.php\/wp-json\/wp\/v2\/posts\/9586"}],"collection":[{"href":"https:\/\/www.simpleplan.cz\/cz\/index.php\/wp-json\/wp\/v2\/posts"}],"about":[{"href":"https:\/\/www.simpleplan.cz\/cz\/index.php\/wp-json\/wp\/v2\/types\/post"}],"author":[{"embeddable":true,"href":"https:\/\/www.simpleplan.cz\/cz\/index.php\/wp-json\/wp\/v2\/users\/5"}],"replies":[{"embeddable":true,"href":"https:\/\/www.simpleplan.cz\/cz\/index.php\/wp-json\/wp\/v2\/comments?post=9586"}],"version-history":[{"count":7,"href":"https:\/\/www.simpleplan.cz\/cz\/index.php\/wp-json\/wp\/v2\/posts\/9586\/revisions"}],"predecessor-version":[{"id":32291,"href":"https:\/\/www.simpleplan.cz\/cz\/index.php\/wp-json\/wp\/v2\/posts\/9586\/revisions\/32291"}],"wp:attachment":[{"href":"https:\/\/www.simpleplan.cz\/cz\/index.php\/wp-json\/wp\/v2\/media?parent=9586"}],"wp:term":[{"taxonomy":"category","embeddable":true,"href":"https:\/\/www.simpleplan.cz\/cz\/index.php\/wp-json\/wp\/v2\/categories?post=9586"},{"taxonomy":"post_tag","embeddable":true,"href":"https:\/\/www.simpleplan.cz\/cz\/index.php\/wp-json\/wp\/v2\/tags?post=9586"}],"curies":[{"name":"wp","href":"https:\/\/api.w.org\/{rel}","templated":true}]}}