{"id":9646,"date":"2012-03-29T22:11:27","date_gmt":"2012-03-29T20:11:27","guid":{"rendered":"http:\/\/www.simpleplan.cz\/cz\/?p=9646"},"modified":"2023-06-26T09:02:46","modified_gmt":"2023-06-26T07:02:46","slug":"tom-cheney-vzpomina-na-prvni-setkani-se-simple-plan-a-gratuluje-k-10-vyroci","status":"publish","type":"post","link":"https:\/\/www.simpleplan.cz\/cz\/index.php\/tom-cheney-vzpomina-na-prvni-setkani-se-simple-plan-a-gratuluje-k-10-vyroci\/","title":{"rendered":"Tom Cheney vzpom\u00edn\u00e1 na prvn\u00ed setk\u00e1n\u00ed se Simple Plan a gratuluje k 10. v\u00fdro\u010d\u00ed"},"content":{"rendered":"<p><img decoding=\"async\" style=\"margin: 6px;\" src=\"http:\/\/www.simpleplan.cz\/gal\/2562.gif\" alt=\"\" align=\"left\" \/><br \/>\n<b>Tom Cheney, majitel Idobi r\u00e1dia,<\/b> kter\u00fd se \u010dleny Simple Plan p\u0159\u00e1tel\u00ed u\u017e t\u00e9m\u011b\u0159 od jejich po\u010d\u00e1tku a b\u011bhem posledn\u00edch 6 let tak\u00e9 umo\u017enil Sebovi a Patrickovi m\u00edt na jeho r\u00e1diu jejich vlastn\u00ed po\u0159ad Man Of The Hour, <b>si v nov\u00e9m <a href=\"http:\/\/idobi.com\/insider\/ten-years-and-running\/\" target=\"_blank\" rel=\"noopener\">\u010dl\u00e1nku<\/a> na ofici\u00e1ln\u00edch str\u00e1nk\u00e1ch Idobi r\u00e1dia trochu zavzpom\u00ednal na prvn\u00ed chv\u00edle, kdy se se Simple Plan potkal<\/b>. <\/p>\n<p>N\u00ed\u017ee si m\u016f\u017eete p\u0159e\u010d\u00edst p\u0159eklad a tak\u00e9 <b>rozhodn\u011b doporu\u010duji si poslechnout rozhovor, kter\u00fd Tom s kluky p\u0159ed 9 lety nato\u010dil<\/b> &#8211; je velice zaj\u00edmav\u00e9 sledovat, jak se n\u011bkter\u00e9 v\u011bci zm\u011bnily a jin\u00e9 zase v\u016fbec ne :) Odkaz na n\u011bj najdete v \u010dl\u00e1nku:<\/p>\n<blockquote><p>Toto vy\u0161lo p\u0159ed 10 lety.<br \/>\n<i>*obr\u00e1zek alba No Pads, No Helmets&#8230;Just Balls*<\/i><\/p>\n<p>A je to skoro 9 let, co jsem potkal tyhle kluky<br \/>\n<i>*fotografie Simple Plan*<\/i><\/p>\n<p>\u0160el jsem se mrknout na tuhle holku.<br \/>\n<i>*fotografie Avril Lavigne*<\/i><\/p>\n<p>A sledoval tohohle kluka d\u011blat svoje kouzelnick\u00fd triky.<br \/>\n<i>*fotografie Evana Taubenfelda*<\/i><\/p>\n<p>A pak jsem potkal tohohle chl\u00e1pka.<br \/>\n<i>*fotografie Patricka Langlois*<\/i><\/p>\n<p>Pracoval ve st\u00e1nku s merchem a \u0159ekl me: &#8222;Jdi zp\u00e1tky do autobusu a promluv si s m\u00fdmi kluky.&#8220;<\/p>\n<p>J\u00e1 na to: &#8222;A co za to?&#8220;<\/p>\n<p>Pat vyt\u00e1hl obrovskou roli\u010dku pen\u011bz a dal mi stodolarovou bankovku.<\/p>\n<p>J\u00e1 \u0159ekl: &#8222;Co je\u0161t\u011b mi d\u00e1\u0161?&#8220;<\/p>\n<p>On \u0159ekl: &#8222;Budu se s tebou l\u00edbat.&#8220;<\/p>\n<p>J\u00e1 \u0159ekl: &#8222;Ve\u010f m\u011b!&#8220;<\/p>\n<p>Jestli\u017ee jste si je\u0161t\u011b neposlechli m\u016fj rozhovor, kter\u00fd jsem s kluky nato\u010dil p\u0159ed 9 lety, <a href=\"http:\/\/idobi.com\/audio\/simple-plan-interview\/\" target=\"_blank\" rel=\"noopener\">tady<\/a> je.<\/p>\n<p>Jinak, jejich debutov\u00e9 album bylo platinov\u00e9 ve \u010dty\u0159ech zem\u00edch &#8211; dvakr\u00e1t platinov\u00e9 ve t\u0159ech. O deset let a deset dal\u0161\u00edch platinov\u00fdch certifik\u00e1t\u016f pozd\u011bji, je mi velk\u00fdm pot\u011b\u0161en\u00edm sledovat tyto kluky a tuto kapelu kv\u00e9st b\u011bhem cel\u00e9 t\u00e9to dek\u00e1dy. A je velmi uspokojuj\u00edc\u00ed vid\u011bt lidi usp\u011bt v n\u011b\u010dem, co miluj\u00ed, a mus\u00edm dodat, \u017ee se to nemohlo p\u0159ihodit skupin\u011b milej\u0161\u00edch kluk\u016f.<\/p>\n<p>Tak\u017ee v\u0161echno nejlep\u0161\u00ed k t\u011bm 10 let\u016fm a p\u0159eji aspo\u0148 je\u0161t\u011b dal\u0161\u00edch 10 takov\u00fdch! A to budou pak skoro dv\u011b dek\u00e1dy.<\/p><\/blockquote>\n<div class=\"fblikebutton_button\" style=\"float: left; padding-top: 20px; margin-right: 20px; padding-bottom: 20px; padding-left: 20px;\"><iframe src=\"http:\/\/www.facebook.com\/plugins\/like.php?href=https%3A%2F%2Fwww.simpleplan.cz%2Fcz%2Findex.php%2Ftom-cheney-vzpomina-na-prvni-setkani-se-simple-plan-a-gratuluje-k-10-vyroci%2F&amp;layout=standard&amp;show-faces=false&amp;width=450&amp;action=like&amp;colorscheme=light\" scrolling=\"no\" frameborder=\"0\" allowTransparency=\"true\" style=\"border:none; overflow:hidden; width:450px; height:26px\"><\/iframe><\/div>\n","protected":false},"excerpt":{"rendered":"<p>Tom Cheney, majitel Idobi r\u00e1dia, kter\u00fd se \u010dleny Simple Plan p\u0159\u00e1tel\u00ed u\u017e t\u00e9m\u011b\u0159 od jejich<\/p>\n","protected":false},"author":5,"featured_media":0,"comment_status":"open","ping_status":"open","sticky":false,"template":"","format":"standard","meta":{"footnotes":"","fifu_image_url":"","fifu_image_alt":""},"categories":[22,18,19],"tags":[129,836],"yoast_head":"<!-- This site is optimized with the Yoast SEO plugin v20.9 - https:\/\/yoast.com\/wordpress\/plugins\/seo\/ -->\n<title>Tom Cheney vzpom\u00edn\u00e1 na prvn\u00ed setk\u00e1n\u00ed se Simple Plan a gratuluje k 10. v\u00fdro\u010d\u00ed | CZ: SimplePlan.cz<\/title>\n<meta name=\"robots\" content=\"index, follow, max-snippet:-1, max-image-preview:large, max-video-preview:-1\" \/>\n<link rel=\"canonical\" href=\"https:\/\/www.simpleplan.cz\/cz\/index.php\/tom-cheney-vzpomina-na-prvni-setkani-se-simple-plan-a-gratuluje-k-10-vyroci\/\" \/>\n<meta property=\"og:locale\" content=\"cs_CZ\" \/>\n<meta property=\"og:type\" content=\"article\" \/>\n<meta property=\"og:title\" content=\"Tom Cheney vzpom\u00edn\u00e1 na prvn\u00ed setk\u00e1n\u00ed se Simple Plan a gratuluje k 10. v\u00fdro\u010d\u00ed | CZ: SimplePlan.cz\" \/>\n<meta property=\"og:description\" content=\"Tom Cheney, majitel Idobi r\u00e1dia, kter\u00fd se \u010dleny Simple Plan p\u0159\u00e1tel\u00ed u\u017e t\u00e9m\u011b\u0159 od jejich\" \/>\n<meta property=\"og:url\" content=\"https:\/\/www.simpleplan.cz\/cz\/index.php\/tom-cheney-vzpomina-na-prvni-setkani-se-simple-plan-a-gratuluje-k-10-vyroci\/\" \/>\n<meta property=\"og:site_name\" content=\"CZ: SimplePlan.cz\" \/>\n<meta property=\"article:publisher\" content=\"http:\/\/www.facebook.com\/simpleplancz\" \/>\n<meta property=\"article:published_time\" content=\"2012-03-29T20:11:27+00:00\" \/>\n<meta property=\"article:modified_time\" content=\"2023-06-26T07:02:46+00:00\" \/>\n<meta property=\"og:image\" content=\"http:\/\/www.simpleplan.cz\/gal\/2562.gif\" \/>\n<meta name=\"author\" content=\"Dominika\" \/>\n<meta name=\"twitter:card\" content=\"summary_large_image\" \/>\n<meta name=\"twitter:creator\" content=\"@simpleplancz\" \/>\n<meta name=\"twitter:site\" content=\"@simpleplancz\" \/>\n<meta name=\"twitter:label1\" content=\"Napsal(a)\" \/>\n\t<meta name=\"twitter:data1\" content=\"Dominika\" \/>\n\t<meta name=\"twitter:label2\" content=\"Odhadovan\u00e1 doba \u010dten\u00ed\" \/>\n\t<meta name=\"twitter:data2\" content=\"2 minuty\" \/>\n<script type=\"application\/ld+json\" class=\"yoast-schema-graph\">{\"@context\":\"https:\/\/schema.org\",\"@graph\":[{\"@type\":\"Article\",\"@id\":\"https:\/\/www.simpleplan.cz\/cz\/index.php\/tom-cheney-vzpomina-na-prvni-setkani-se-simple-plan-a-gratuluje-k-10-vyroci\/#article\",\"isPartOf\":{\"@id\":\"https:\/\/www.simpleplan.cz\/cz\/index.php\/tom-cheney-vzpomina-na-prvni-setkani-se-simple-plan-a-gratuluje-k-10-vyroci\/\"},\"author\":{\"name\":\"Dominika\",\"@id\":\"https:\/\/www.simpleplan.cz\/cz\/#\/schema\/person\/bb90dd25f4baab7793fc73ab0b783730\"},\"headline\":\"Tom Cheney vzpom\u00edn\u00e1 na prvn\u00ed setk\u00e1n\u00ed se Simple Plan a gratuluje k 10. v\u00fdro\u010d\u00ed\",\"datePublished\":\"2012-03-29T20:11:27+00:00\",\"dateModified\":\"2023-06-26T07:02:46+00:00\",\"mainEntityOfPage\":{\"@id\":\"https:\/\/www.simpleplan.cz\/cz\/index.php\/tom-cheney-vzpomina-na-prvni-setkani-se-simple-plan-a-gratuluje-k-10-vyroci\/\"},\"wordCount\":397,\"commentCount\":0,\"publisher\":{\"@id\":\"https:\/\/www.simpleplan.cz\/cz\/#organization\"},\"keywords\":[\"idobi radio\",\"Tom Cheney\"],\"articleSection\":[\"\u010dl\u00e1nky\",\"m\u00e9dia\",\"rozhovory\"],\"inLanguage\":\"cs\",\"potentialAction\":[{\"@type\":\"CommentAction\",\"name\":\"Comment\",\"target\":[\"https:\/\/www.simpleplan.cz\/cz\/index.php\/tom-cheney-vzpomina-na-prvni-setkani-se-simple-plan-a-gratuluje-k-10-vyroci\/#respond\"]}]},{\"@type\":\"WebPage\",\"@id\":\"https:\/\/www.simpleplan.cz\/cz\/index.php\/tom-cheney-vzpomina-na-prvni-setkani-se-simple-plan-a-gratuluje-k-10-vyroci\/\",\"url\":\"https:\/\/www.simpleplan.cz\/cz\/index.php\/tom-cheney-vzpomina-na-prvni-setkani-se-simple-plan-a-gratuluje-k-10-vyroci\/\",\"name\":\"Tom Cheney vzpom\u00edn\u00e1 na prvn\u00ed setk\u00e1n\u00ed se Simple Plan a gratuluje k 10. v\u00fdro\u010d\u00ed | CZ: SimplePlan.cz\",\"isPartOf\":{\"@id\":\"https:\/\/www.simpleplan.cz\/cz\/#website\"},\"datePublished\":\"2012-03-29T20:11:27+00:00\",\"dateModified\":\"2023-06-26T07:02:46+00:00\",\"breadcrumb\":{\"@id\":\"https:\/\/www.simpleplan.cz\/cz\/index.php\/tom-cheney-vzpomina-na-prvni-setkani-se-simple-plan-a-gratuluje-k-10-vyroci\/#breadcrumb\"},\"inLanguage\":\"cs\",\"potentialAction\":[{\"@type\":\"ReadAction\",\"target\":[\"https:\/\/www.simpleplan.cz\/cz\/index.php\/tom-cheney-vzpomina-na-prvni-setkani-se-simple-plan-a-gratuluje-k-10-vyroci\/\"]}]},{\"@type\":\"BreadcrumbList\",\"@id\":\"https:\/\/www.simpleplan.cz\/cz\/index.php\/tom-cheney-vzpomina-na-prvni-setkani-se-simple-plan-a-gratuluje-k-10-vyroci\/#breadcrumb\",\"itemListElement\":[{\"@type\":\"ListItem\",\"position\":1,\"name\":\"Dom\u016f\",\"item\":\"https:\/\/www.simpleplan.cz\/cz\/\"},{\"@type\":\"ListItem\",\"position\":2,\"name\":\"\u010dl\u00e1nky\",\"item\":\"https:\/\/www.simpleplan.cz\/cz\/index.php\/category\/clanky\/\"},{\"@type\":\"ListItem\",\"position\":3,\"name\":\"Tom Cheney vzpom\u00edn\u00e1 na prvn\u00ed setk\u00e1n\u00ed se Simple Plan a gratuluje k 10. v\u00fdro\u010d\u00ed\"}]},{\"@type\":\"WebSite\",\"@id\":\"https:\/\/www.simpleplan.cz\/cz\/#website\",\"url\":\"https:\/\/www.simpleplan.cz\/cz\/\",\"name\":\"CZ: SimplePlan.cz\",\"description\":\"Nejlep\u0161\u00ed zdroj informac\u00ed o kapele Simple Plan\",\"publisher\":{\"@id\":\"https:\/\/www.simpleplan.cz\/cz\/#organization\"},\"potentialAction\":[{\"@type\":\"SearchAction\",\"target\":{\"@type\":\"EntryPoint\",\"urlTemplate\":\"https:\/\/www.simpleplan.cz\/cz\/?s={search_term_string}\"},\"query-input\":\"required name=search_term_string\"}],\"inLanguage\":\"cs\"},{\"@type\":\"Organization\",\"@id\":\"https:\/\/www.simpleplan.cz\/cz\/#organization\",\"name\":\"CZ: SimplePlan.cz\",\"url\":\"https:\/\/www.simpleplan.cz\/cz\/\",\"logo\":{\"@type\":\"ImageObject\",\"inLanguage\":\"cs\",\"@id\":\"https:\/\/www.simpleplan.cz\/cz\/#\/schema\/logo\/image\/\",\"url\":\"https:\/\/www.simpleplan.cz\/cz\/wp-content\/uploads\/spczlogo.png\",\"contentUrl\":\"https:\/\/www.simpleplan.cz\/cz\/wp-content\/uploads\/spczlogo.png\",\"width\":250,\"height\":190,\"caption\":\"CZ: SimplePlan.cz\"},\"image\":{\"@id\":\"https:\/\/www.simpleplan.cz\/cz\/#\/schema\/logo\/image\/\"},\"sameAs\":[\"http:\/\/www.facebook.com\/simpleplancz\",\"https:\/\/twitter.com\/simpleplancz\",\"http:\/\/www.instagram.com\/simpleplancz\",\"http:\/\/www.youtube.com\/simpleplancz\"]},{\"@type\":\"Person\",\"@id\":\"https:\/\/www.simpleplan.cz\/cz\/#\/schema\/person\/bb90dd25f4baab7793fc73ab0b783730\",\"name\":\"Dominika\",\"image\":{\"@type\":\"ImageObject\",\"inLanguage\":\"cs\",\"@id\":\"https:\/\/www.simpleplan.cz\/cz\/#\/schema\/person\/image\/\",\"url\":\"https:\/\/secure.gravatar.com\/avatar\/de55cb16a8578d56e96c89d1a0af3db5?s=96&d=mm&r=g\",\"contentUrl\":\"https:\/\/secure.gravatar.com\/avatar\/de55cb16a8578d56e96c89d1a0af3db5?s=96&d=mm&r=g\",\"caption\":\"Dominika\"},\"sameAs\":[\"http:\/\/www.simpleplan.cz\"],\"url\":\"https:\/\/www.simpleplan.cz\/cz\/index.php\/author\/admin-2\/\"}]}<\/script>\n<!-- \/ Yoast SEO plugin. -->","yoast_head_json":{"title":"Tom Cheney vzpom\u00edn\u00e1 na prvn\u00ed setk\u00e1n\u00ed se Simple Plan a gratuluje k 10. v\u00fdro\u010d\u00ed | CZ: SimplePlan.cz","robots":{"index":"index","follow":"follow","max-snippet":"max-snippet:-1","max-image-preview":"max-image-preview:large","max-video-preview":"max-video-preview:-1"},"canonical":"https:\/\/www.simpleplan.cz\/cz\/index.php\/tom-cheney-vzpomina-na-prvni-setkani-se-simple-plan-a-gratuluje-k-10-vyroci\/","og_locale":"cs_CZ","og_type":"article","og_title":"Tom Cheney vzpom\u00edn\u00e1 na prvn\u00ed setk\u00e1n\u00ed se Simple Plan a gratuluje k 10. v\u00fdro\u010d\u00ed | CZ: SimplePlan.cz","og_description":"Tom Cheney, majitel Idobi r\u00e1dia, kter\u00fd se \u010dleny Simple Plan p\u0159\u00e1tel\u00ed u\u017e t\u00e9m\u011b\u0159 od jejich","og_url":"https:\/\/www.simpleplan.cz\/cz\/index.php\/tom-cheney-vzpomina-na-prvni-setkani-se-simple-plan-a-gratuluje-k-10-vyroci\/","og_site_name":"CZ: SimplePlan.cz","article_publisher":"http:\/\/www.facebook.com\/simpleplancz","article_published_time":"2012-03-29T20:11:27+00:00","article_modified_time":"2023-06-26T07:02:46+00:00","og_image":[{"url":"http:\/\/www.simpleplan.cz\/gal\/2562.gif"}],"author":"Dominika","twitter_card":"summary_large_image","twitter_creator":"@simpleplancz","twitter_site":"@simpleplancz","twitter_misc":{"Napsal(a)":"Dominika","Odhadovan\u00e1 doba \u010dten\u00ed":"2 minuty"},"schema":{"@context":"https:\/\/schema.org","@graph":[{"@type":"Article","@id":"https:\/\/www.simpleplan.cz\/cz\/index.php\/tom-cheney-vzpomina-na-prvni-setkani-se-simple-plan-a-gratuluje-k-10-vyroci\/#article","isPartOf":{"@id":"https:\/\/www.simpleplan.cz\/cz\/index.php\/tom-cheney-vzpomina-na-prvni-setkani-se-simple-plan-a-gratuluje-k-10-vyroci\/"},"author":{"name":"Dominika","@id":"https:\/\/www.simpleplan.cz\/cz\/#\/schema\/person\/bb90dd25f4baab7793fc73ab0b783730"},"headline":"Tom Cheney vzpom\u00edn\u00e1 na prvn\u00ed setk\u00e1n\u00ed se Simple Plan a gratuluje k 10. v\u00fdro\u010d\u00ed","datePublished":"2012-03-29T20:11:27+00:00","dateModified":"2023-06-26T07:02:46+00:00","mainEntityOfPage":{"@id":"https:\/\/www.simpleplan.cz\/cz\/index.php\/tom-cheney-vzpomina-na-prvni-setkani-se-simple-plan-a-gratuluje-k-10-vyroci\/"},"wordCount":397,"commentCount":0,"publisher":{"@id":"https:\/\/www.simpleplan.cz\/cz\/#organization"},"keywords":["idobi radio","Tom Cheney"],"articleSection":["\u010dl\u00e1nky","m\u00e9dia","rozhovory"],"inLanguage":"cs","potentialAction":[{"@type":"CommentAction","name":"Comment","target":["https:\/\/www.simpleplan.cz\/cz\/index.php\/tom-cheney-vzpomina-na-prvni-setkani-se-simple-plan-a-gratuluje-k-10-vyroci\/#respond"]}]},{"@type":"WebPage","@id":"https:\/\/www.simpleplan.cz\/cz\/index.php\/tom-cheney-vzpomina-na-prvni-setkani-se-simple-plan-a-gratuluje-k-10-vyroci\/","url":"https:\/\/www.simpleplan.cz\/cz\/index.php\/tom-cheney-vzpomina-na-prvni-setkani-se-simple-plan-a-gratuluje-k-10-vyroci\/","name":"Tom Cheney vzpom\u00edn\u00e1 na prvn\u00ed setk\u00e1n\u00ed se Simple Plan a gratuluje k 10. v\u00fdro\u010d\u00ed | CZ: SimplePlan.cz","isPartOf":{"@id":"https:\/\/www.simpleplan.cz\/cz\/#website"},"datePublished":"2012-03-29T20:11:27+00:00","dateModified":"2023-06-26T07:02:46+00:00","breadcrumb":{"@id":"https:\/\/www.simpleplan.cz\/cz\/index.php\/tom-cheney-vzpomina-na-prvni-setkani-se-simple-plan-a-gratuluje-k-10-vyroci\/#breadcrumb"},"inLanguage":"cs","potentialAction":[{"@type":"ReadAction","target":["https:\/\/www.simpleplan.cz\/cz\/index.php\/tom-cheney-vzpomina-na-prvni-setkani-se-simple-plan-a-gratuluje-k-10-vyroci\/"]}]},{"@type":"BreadcrumbList","@id":"https:\/\/www.simpleplan.cz\/cz\/index.php\/tom-cheney-vzpomina-na-prvni-setkani-se-simple-plan-a-gratuluje-k-10-vyroci\/#breadcrumb","itemListElement":[{"@type":"ListItem","position":1,"name":"Dom\u016f","item":"https:\/\/www.simpleplan.cz\/cz\/"},{"@type":"ListItem","position":2,"name":"\u010dl\u00e1nky","item":"https:\/\/www.simpleplan.cz\/cz\/index.php\/category\/clanky\/"},{"@type":"ListItem","position":3,"name":"Tom Cheney vzpom\u00edn\u00e1 na prvn\u00ed setk\u00e1n\u00ed se Simple Plan a gratuluje k 10. v\u00fdro\u010d\u00ed"}]},{"@type":"WebSite","@id":"https:\/\/www.simpleplan.cz\/cz\/#website","url":"https:\/\/www.simpleplan.cz\/cz\/","name":"CZ: SimplePlan.cz","description":"Nejlep\u0161\u00ed zdroj informac\u00ed o kapele Simple Plan","publisher":{"@id":"https:\/\/www.simpleplan.cz\/cz\/#organization"},"potentialAction":[{"@type":"SearchAction","target":{"@type":"EntryPoint","urlTemplate":"https:\/\/www.simpleplan.cz\/cz\/?s={search_term_string}"},"query-input":"required name=search_term_string"}],"inLanguage":"cs"},{"@type":"Organization","@id":"https:\/\/www.simpleplan.cz\/cz\/#organization","name":"CZ: SimplePlan.cz","url":"https:\/\/www.simpleplan.cz\/cz\/","logo":{"@type":"ImageObject","inLanguage":"cs","@id":"https:\/\/www.simpleplan.cz\/cz\/#\/schema\/logo\/image\/","url":"https:\/\/www.simpleplan.cz\/cz\/wp-content\/uploads\/spczlogo.png","contentUrl":"https:\/\/www.simpleplan.cz\/cz\/wp-content\/uploads\/spczlogo.png","width":250,"height":190,"caption":"CZ: SimplePlan.cz"},"image":{"@id":"https:\/\/www.simpleplan.cz\/cz\/#\/schema\/logo\/image\/"},"sameAs":["http:\/\/www.facebook.com\/simpleplancz","https:\/\/twitter.com\/simpleplancz","http:\/\/www.instagram.com\/simpleplancz","http:\/\/www.youtube.com\/simpleplancz"]},{"@type":"Person","@id":"https:\/\/www.simpleplan.cz\/cz\/#\/schema\/person\/bb90dd25f4baab7793fc73ab0b783730","name":"Dominika","image":{"@type":"ImageObject","inLanguage":"cs","@id":"https:\/\/www.simpleplan.cz\/cz\/#\/schema\/person\/image\/","url":"https:\/\/secure.gravatar.com\/avatar\/de55cb16a8578d56e96c89d1a0af3db5?s=96&d=mm&r=g","contentUrl":"https:\/\/secure.gravatar.com\/avatar\/de55cb16a8578d56e96c89d1a0af3db5?s=96&d=mm&r=g","caption":"Dominika"},"sameAs":["http:\/\/www.simpleplan.cz"],"url":"https:\/\/www.simpleplan.cz\/cz\/index.php\/author\/admin-2\/"}]}},"featured_image_urls":{"full":"","thumbnail":"","medium":"","medium_large":"","large":"","1536x1536":"","2048x2048":"","elegant-magazine-featured":"","elegant-magazine-medium":"","elegant-magazine-medium-small":"","elegant-magazine-thumbnail-small":""},"author_info":{"display_name":"Dominika","author_link":"https:\/\/www.simpleplan.cz\/cz\/index.php\/author\/admin-2\/"},"category_info":"<a href=\"https:\/\/www.simpleplan.cz\/cz\/index.php\/category\/clanky\/\" rel=\"category tag\">\u010dl\u00e1nky<\/a> <a href=\"https:\/\/www.simpleplan.cz\/cz\/index.php\/category\/media\/\" rel=\"category tag\">m\u00e9dia<\/a> <a href=\"https:\/\/www.simpleplan.cz\/cz\/index.php\/category\/rozhovory\/\" rel=\"category tag\">rozhovory<\/a>","tag_info":"rozhovory","comment_count":"0","_links":{"self":[{"href":"https:\/\/www.simpleplan.cz\/cz\/index.php\/wp-json\/wp\/v2\/posts\/9646"}],"collection":[{"href":"https:\/\/www.simpleplan.cz\/cz\/index.php\/wp-json\/wp\/v2\/posts"}],"about":[{"href":"https:\/\/www.simpleplan.cz\/cz\/index.php\/wp-json\/wp\/v2\/types\/post"}],"author":[{"embeddable":true,"href":"https:\/\/www.simpleplan.cz\/cz\/index.php\/wp-json\/wp\/v2\/users\/5"}],"replies":[{"embeddable":true,"href":"https:\/\/www.simpleplan.cz\/cz\/index.php\/wp-json\/wp\/v2\/comments?post=9646"}],"version-history":[{"count":10,"href":"https:\/\/www.simpleplan.cz\/cz\/index.php\/wp-json\/wp\/v2\/posts\/9646\/revisions"}],"predecessor-version":[{"id":32279,"href":"https:\/\/www.simpleplan.cz\/cz\/index.php\/wp-json\/wp\/v2\/posts\/9646\/revisions\/32279"}],"wp:attachment":[{"href":"https:\/\/www.simpleplan.cz\/cz\/index.php\/wp-json\/wp\/v2\/media?parent=9646"}],"wp:term":[{"taxonomy":"category","embeddable":true,"href":"https:\/\/www.simpleplan.cz\/cz\/index.php\/wp-json\/wp\/v2\/categories?post=9646"},{"taxonomy":"post_tag","embeddable":true,"href":"https:\/\/www.simpleplan.cz\/cz\/index.php\/wp-json\/wp\/v2\/tags?post=9646"}],"curies":[{"name":"wp","href":"https:\/\/api.w.org\/{rel}","templated":true}]}}