{"id":9725,"date":"2012-04-01T10:08:29","date_gmt":"2012-04-01T08:08:29","guid":{"rendered":"http:\/\/www.simpleplan.cz\/cz\/?p=9725"},"modified":"2023-06-26T09:02:46","modified_gmt":"2023-06-26T07:02:46","slug":"simple-plan-se-zucastnili-sveho-prvniho-dne-juno-weeku-a-obdrzeli-humanitarni-oceneni","status":"publish","type":"post","link":"https:\/\/www.simpleplan.cz\/cz\/index.php\/simple-plan-se-zucastnili-sveho-prvniho-dne-juno-weeku-a-obdrzeli-humanitarni-oceneni\/","title":{"rendered":"Simple Plan se z\u00fa\u010dastnili sv\u00e9ho prvn\u00edho dne Juno Weeku a obdr\u017eeli humanit\u00e1rn\u00ed ocen\u011bn\u00ed"},"content":{"rendered":"<p><img decoding=\"async\" style=\"margin: 6px;\" src=\"http:\/\/www.simpleplan.cz\/gal\/2528.gif\" alt=\"\" align=\"left\" \/> V\u010derej\u0161\u00ed den byl pro \u010dleny Simple Plan pravd\u011bpodobn\u011b jedn\u00edm z nejv\u00edce nabit\u00fdch za posledn\u00edch n\u011bkolik m\u011bs\u00edc\u016f. Jen co se z prvn\u00ed \u010d\u00e1sti sv\u00e9ho evropsk\u00e9ho turn\u00e9 vr\u00e1tili do sv\u00e9 rodn\u00e9 Kanady, <b>celou sobotu str\u00e1vili \u00fa\u010dast\u00ed hned na n\u011bkolika akc\u00edch, kter\u00e9 se vztahuj\u00ed k tzv. &#8222;Juno Weeku&#8220; (tedy Juno t\u00fddnu), kter\u00fd je zavr\u0161en p\u0159ed\u00e1v\u00e1n\u00edm ocen\u011bn\u00ed Juno Awards dnes ve\u010der. <\/b><\/p>\n<p>Jako prvn\u00ed se Simple Plan z\u00fa\u010dastnili tzv. <b>Juno Fan Fare<\/b>, kde m\u011bli zorganizovanou autogrami\u00e1du pro sv\u00e9 fanou\u0161ky. D\u00e1le se v\u010dera n\u011bkolik \u010dlen\u016f kapely z\u00fa\u010dasnilo tak\u00e9 <b>Celebrity Lounge<\/b> a z obou t\u011bchto akc\u00ed se ji\u017e na prvn\u00ed fotografie m\u016f\u017eete pod\u00edvat v galerii:<\/p>\n<p><center><a href=\"http:\/\/www.simpleplan.cz\/gallery\/thumbnails.php?album=1354\" target=\"_blank\" rel=\"noopener\"><img decoding=\"async\" src=\"http:\/\/www.simpleplan.cz\/gal\/2568.gif\"><\/a> <a href=\"http:\/\/www.simpleplan.cz\/gallery\/thumbnails.php?album=1357\" target=\"_blank\" rel=\"noopener\"><img decoding=\"async\" src=\"http:\/\/www.simpleplan.cz\/gal\/2570.gif\"><\/a><\/center><\/p>\n<p>Ale to nebylo pro Simple Plan ten den je\u0161t\u011b v\u0161echno. Ve\u010der 31. b\u0159ezna se ur\u010dit\u011b za\u0159adil mezi jeden z nejv\u00fdznamn\u011bj\u0161\u00edch v \u017eivot\u011b t\u00e9to kapely. Nejprve byli <b>pozv\u00e1ni samotn\u00fdm kanadsk\u00fdm premi\u00e9rem Stephenem Harperem<\/b> na drink u n\u011bj doma, a pot\u00e9 na Juno Gala Dinner <b>obdr\u017eeli v r\u00e1mci Juno Awards ji\u017e anoncovan\u00e9 humanit\u00e1rn\u00ed ocen\u011bn\u00ed Allana Waterse<\/b>, d\u00edky sv\u00e9 velmi prosp\u011b\u0161n\u00e9 charitativn\u00ed pr\u00e1ci se svou nadac\u00ed Simple Plan Foundation, d\u00edky kter\u00e9 pom\u00e1haj\u00ed mnoha mlad\u00fdm lidem. B\u011bhem proslovu, kter\u00fdm Simple Plan doprovodili p\u0159evzet\u00ed t\u00e9to humanit\u00e1rn\u00ed ceny, jej\u00edmi\u017e nejmlad\u0161\u00edmi dr\u017eiteli se nyn\u00ed stali, Pierre dodal: <i>&#8222;Pom\u00e1hat druh\u00fdm nen\u00ed n\u011bco, co by se m\u011blo st\u00e1t a\u017e kdy\u017e je v\u00e1m 50 nebo 60 let.&#8220;<\/i> <\/p>\n<p>B\u011bhem tohoto p\u0159ed\u00e1v\u00e1n\u00ed byli mezi p\u0159ihl\u00ed\u017eej\u00edc\u00edmi tak\u00e9 rodi\u010de \u010dlen\u016f Simple Plan, kter\u00fdm n\u00e1sledn\u011b za jejich ustavi\u010dnou podporu, p\u0159edev\u0161\u00edm v z\u00e1le\u017eitostech jejich nadace, kluci n\u00e1sledn\u011b ve\u0159ejn\u011b pod\u011bkovali na Twitteru.<\/p>\n<p><b>Fotografie z n\u00e1v\u0161t\u011bvy kanadsk\u00e9ho premi\u00e9ra a z p\u0159ed\u00e1v\u00e1n\u00ed humanit\u00e1rn\u00edho ocen\u011bn\u00ed najdete v galerii:<\/b><\/p>\n<p><center><a href=\"http:\/\/www.simpleplan.cz\/gallery\/thumbnails.php?album=1355\" target=\"_blank\" rel=\"noopener\"><img decoding=\"async\" src=\"http:\/\/www.simpleplan.cz\/gal\/2569.gif\"><\/a> <a href=\"http:\/\/www.simpleplan.cz\/gallery\/thumbnails.php?album=1356\" target=\"_blank\" rel=\"noopener\"><img decoding=\"async\" src=\"http:\/\/www.simpleplan.cz\/gal\/2571.gif\"><\/a><\/center><\/p>\n<div class=\"fblikebutton_button\" style=\"float: left; padding-top: 20px; margin-right: 20px; padding-bottom: 20px; padding-left: 20px;\"><iframe src=\"http:\/\/www.facebook.com\/plugins\/like.php?href=https%3A%2F%2Fwww.simpleplan.cz%2Fcz%2Findex.php%2Fsimple-plan-se-zucastnili-sveho-prvniho-dne-juno-weeku-a-obdrzeli-humanitarni-oceneni%2F&amp;layout=standard&amp;show-faces=false&amp;width=450&amp;action=like&amp;colorscheme=light\" scrolling=\"no\" frameborder=\"0\" allowTransparency=\"true\" style=\"border:none; overflow:hidden; width:450px; height:26px\"><\/iframe><\/div>\n","protected":false},"excerpt":{"rendered":"<p>V\u010derej\u0161\u00ed den byl pro \u010dleny Simple Plan pravd\u011bpodobn\u011b jedn\u00edm z nejv\u00edce nabit\u00fdch za posledn\u00edch n\u011bkolik<\/p>\n","protected":false},"author":5,"featured_media":0,"comment_status":"open","ping_status":"open","sticky":false,"template":"","format":"standard","meta":{"footnotes":"","fifu_image_url":"","fifu_image_alt":""},"categories":[9,25],"tags":[773,740,842,843,354,841,829],"yoast_head":"<!-- This site is optimized with the Yoast SEO plugin v20.9 - https:\/\/yoast.com\/wordpress\/plugins\/seo\/ -->\n<title>Simple Plan se z\u00fa\u010dastnili sv\u00e9ho prvn\u00edho dne Juno Weeku a obdr\u017eeli humanit\u00e1rn\u00ed ocen\u011bn\u00ed | CZ: SimplePlan.cz<\/title>\n<meta name=\"robots\" content=\"index, follow, max-snippet:-1, max-image-preview:large, max-video-preview:-1\" \/>\n<link rel=\"canonical\" href=\"https:\/\/www.simpleplan.cz\/cz\/index.php\/simple-plan-se-zucastnili-sveho-prvniho-dne-juno-weeku-a-obdrzeli-humanitarni-oceneni\/\" \/>\n<meta property=\"og:locale\" content=\"cs_CZ\" \/>\n<meta property=\"og:type\" content=\"article\" \/>\n<meta property=\"og:title\" content=\"Simple Plan se z\u00fa\u010dastnili sv\u00e9ho prvn\u00edho dne Juno Weeku a obdr\u017eeli humanit\u00e1rn\u00ed ocen\u011bn\u00ed | CZ: SimplePlan.cz\" \/>\n<meta property=\"og:description\" content=\"V\u010derej\u0161\u00ed den byl pro \u010dleny Simple Plan pravd\u011bpodobn\u011b jedn\u00edm z nejv\u00edce nabit\u00fdch za posledn\u00edch n\u011bkolik\" \/>\n<meta property=\"og:url\" content=\"https:\/\/www.simpleplan.cz\/cz\/index.php\/simple-plan-se-zucastnili-sveho-prvniho-dne-juno-weeku-a-obdrzeli-humanitarni-oceneni\/\" \/>\n<meta property=\"og:site_name\" content=\"CZ: SimplePlan.cz\" \/>\n<meta property=\"article:publisher\" content=\"http:\/\/www.facebook.com\/simpleplancz\" \/>\n<meta property=\"article:published_time\" content=\"2012-04-01T08:08:29+00:00\" \/>\n<meta property=\"article:modified_time\" content=\"2023-06-26T07:02:46+00:00\" \/>\n<meta property=\"og:image\" content=\"http:\/\/www.simpleplan.cz\/gal\/2528.gif\" \/>\n<meta name=\"author\" content=\"Dominika\" \/>\n<meta name=\"twitter:card\" content=\"summary_large_image\" \/>\n<meta name=\"twitter:creator\" content=\"@simpleplancz\" \/>\n<meta name=\"twitter:site\" content=\"@simpleplancz\" \/>\n<meta name=\"twitter:label1\" content=\"Napsal(a)\" \/>\n\t<meta name=\"twitter:data1\" content=\"Dominika\" \/>\n\t<meta name=\"twitter:label2\" content=\"Odhadovan\u00e1 doba \u010dten\u00ed\" \/>\n\t<meta name=\"twitter:data2\" content=\"2 minuty\" \/>\n<script type=\"application\/ld+json\" class=\"yoast-schema-graph\">{\"@context\":\"https:\/\/schema.org\",\"@graph\":[{\"@type\":\"Article\",\"@id\":\"https:\/\/www.simpleplan.cz\/cz\/index.php\/simple-plan-se-zucastnili-sveho-prvniho-dne-juno-weeku-a-obdrzeli-humanitarni-oceneni\/#article\",\"isPartOf\":{\"@id\":\"https:\/\/www.simpleplan.cz\/cz\/index.php\/simple-plan-se-zucastnili-sveho-prvniho-dne-juno-weeku-a-obdrzeli-humanitarni-oceneni\/\"},\"author\":{\"name\":\"Dominika\",\"@id\":\"https:\/\/www.simpleplan.cz\/cz\/#\/schema\/person\/bb90dd25f4baab7793fc73ab0b783730\"},\"headline\":\"Simple Plan se z\u00fa\u010dastnili sv\u00e9ho prvn\u00edho dne Juno Weeku a obdr\u017eeli humanit\u00e1rn\u00ed ocen\u011bn\u00ed\",\"datePublished\":\"2012-04-01T08:08:29+00:00\",\"dateModified\":\"2023-06-26T07:02:46+00:00\",\"mainEntityOfPage\":{\"@id\":\"https:\/\/www.simpleplan.cz\/cz\/index.php\/simple-plan-se-zucastnili-sveho-prvniho-dne-juno-weeku-a-obdrzeli-humanitarni-oceneni\/\"},\"wordCount\":365,\"commentCount\":0,\"publisher\":{\"@id\":\"https:\/\/www.simpleplan.cz\/cz\/#organization\"},\"keywords\":[\"Allan Waters Humanitarian Award\",\"autogrami\u00e1da\",\"Celebrity Lounge\",\"charitativn\u00ed \u010dinnost\",\"Juno Awards\",\"Juno Fan Fare\",\"Juno Week\"],\"articleSection\":[\"fotky\",\"Simple Plan Foundation\"],\"inLanguage\":\"cs\",\"potentialAction\":[{\"@type\":\"CommentAction\",\"name\":\"Comment\",\"target\":[\"https:\/\/www.simpleplan.cz\/cz\/index.php\/simple-plan-se-zucastnili-sveho-prvniho-dne-juno-weeku-a-obdrzeli-humanitarni-oceneni\/#respond\"]}]},{\"@type\":\"WebPage\",\"@id\":\"https:\/\/www.simpleplan.cz\/cz\/index.php\/simple-plan-se-zucastnili-sveho-prvniho-dne-juno-weeku-a-obdrzeli-humanitarni-oceneni\/\",\"url\":\"https:\/\/www.simpleplan.cz\/cz\/index.php\/simple-plan-se-zucastnili-sveho-prvniho-dne-juno-weeku-a-obdrzeli-humanitarni-oceneni\/\",\"name\":\"Simple Plan se z\u00fa\u010dastnili sv\u00e9ho prvn\u00edho dne Juno Weeku a obdr\u017eeli humanit\u00e1rn\u00ed ocen\u011bn\u00ed | CZ: SimplePlan.cz\",\"isPartOf\":{\"@id\":\"https:\/\/www.simpleplan.cz\/cz\/#website\"},\"datePublished\":\"2012-04-01T08:08:29+00:00\",\"dateModified\":\"2023-06-26T07:02:46+00:00\",\"breadcrumb\":{\"@id\":\"https:\/\/www.simpleplan.cz\/cz\/index.php\/simple-plan-se-zucastnili-sveho-prvniho-dne-juno-weeku-a-obdrzeli-humanitarni-oceneni\/#breadcrumb\"},\"inLanguage\":\"cs\",\"potentialAction\":[{\"@type\":\"ReadAction\",\"target\":[\"https:\/\/www.simpleplan.cz\/cz\/index.php\/simple-plan-se-zucastnili-sveho-prvniho-dne-juno-weeku-a-obdrzeli-humanitarni-oceneni\/\"]}]},{\"@type\":\"BreadcrumbList\",\"@id\":\"https:\/\/www.simpleplan.cz\/cz\/index.php\/simple-plan-se-zucastnili-sveho-prvniho-dne-juno-weeku-a-obdrzeli-humanitarni-oceneni\/#breadcrumb\",\"itemListElement\":[{\"@type\":\"ListItem\",\"position\":1,\"name\":\"Dom\u016f\",\"item\":\"https:\/\/www.simpleplan.cz\/cz\/\"},{\"@type\":\"ListItem\",\"position\":2,\"name\":\"fotky\",\"item\":\"https:\/\/www.simpleplan.cz\/cz\/index.php\/category\/fotky\/\"},{\"@type\":\"ListItem\",\"position\":3,\"name\":\"Simple Plan se z\u00fa\u010dastnili sv\u00e9ho prvn\u00edho dne Juno Weeku a obdr\u017eeli humanit\u00e1rn\u00ed ocen\u011bn\u00ed\"}]},{\"@type\":\"WebSite\",\"@id\":\"https:\/\/www.simpleplan.cz\/cz\/#website\",\"url\":\"https:\/\/www.simpleplan.cz\/cz\/\",\"name\":\"CZ: SimplePlan.cz\",\"description\":\"Nejlep\u0161\u00ed zdroj informac\u00ed o kapele Simple Plan\",\"publisher\":{\"@id\":\"https:\/\/www.simpleplan.cz\/cz\/#organization\"},\"potentialAction\":[{\"@type\":\"SearchAction\",\"target\":{\"@type\":\"EntryPoint\",\"urlTemplate\":\"https:\/\/www.simpleplan.cz\/cz\/?s={search_term_string}\"},\"query-input\":\"required name=search_term_string\"}],\"inLanguage\":\"cs\"},{\"@type\":\"Organization\",\"@id\":\"https:\/\/www.simpleplan.cz\/cz\/#organization\",\"name\":\"CZ: SimplePlan.cz\",\"url\":\"https:\/\/www.simpleplan.cz\/cz\/\",\"logo\":{\"@type\":\"ImageObject\",\"inLanguage\":\"cs\",\"@id\":\"https:\/\/www.simpleplan.cz\/cz\/#\/schema\/logo\/image\/\",\"url\":\"https:\/\/www.simpleplan.cz\/cz\/wp-content\/uploads\/spczlogo.png\",\"contentUrl\":\"https:\/\/www.simpleplan.cz\/cz\/wp-content\/uploads\/spczlogo.png\",\"width\":250,\"height\":190,\"caption\":\"CZ: SimplePlan.cz\"},\"image\":{\"@id\":\"https:\/\/www.simpleplan.cz\/cz\/#\/schema\/logo\/image\/\"},\"sameAs\":[\"http:\/\/www.facebook.com\/simpleplancz\",\"https:\/\/twitter.com\/simpleplancz\",\"http:\/\/www.instagram.com\/simpleplancz\",\"http:\/\/www.youtube.com\/simpleplancz\"]},{\"@type\":\"Person\",\"@id\":\"https:\/\/www.simpleplan.cz\/cz\/#\/schema\/person\/bb90dd25f4baab7793fc73ab0b783730\",\"name\":\"Dominika\",\"image\":{\"@type\":\"ImageObject\",\"inLanguage\":\"cs\",\"@id\":\"https:\/\/www.simpleplan.cz\/cz\/#\/schema\/person\/image\/\",\"url\":\"https:\/\/secure.gravatar.com\/avatar\/de55cb16a8578d56e96c89d1a0af3db5?s=96&d=mm&r=g\",\"contentUrl\":\"https:\/\/secure.gravatar.com\/avatar\/de55cb16a8578d56e96c89d1a0af3db5?s=96&d=mm&r=g\",\"caption\":\"Dominika\"},\"sameAs\":[\"http:\/\/www.simpleplan.cz\"],\"url\":\"https:\/\/www.simpleplan.cz\/cz\/index.php\/author\/admin-2\/\"}]}<\/script>\n<!-- \/ Yoast SEO plugin. -->","yoast_head_json":{"title":"Simple Plan se z\u00fa\u010dastnili sv\u00e9ho prvn\u00edho dne Juno Weeku a obdr\u017eeli humanit\u00e1rn\u00ed ocen\u011bn\u00ed | CZ: SimplePlan.cz","robots":{"index":"index","follow":"follow","max-snippet":"max-snippet:-1","max-image-preview":"max-image-preview:large","max-video-preview":"max-video-preview:-1"},"canonical":"https:\/\/www.simpleplan.cz\/cz\/index.php\/simple-plan-se-zucastnili-sveho-prvniho-dne-juno-weeku-a-obdrzeli-humanitarni-oceneni\/","og_locale":"cs_CZ","og_type":"article","og_title":"Simple Plan se z\u00fa\u010dastnili sv\u00e9ho prvn\u00edho dne Juno Weeku a obdr\u017eeli humanit\u00e1rn\u00ed ocen\u011bn\u00ed | CZ: SimplePlan.cz","og_description":"V\u010derej\u0161\u00ed den byl pro \u010dleny Simple Plan pravd\u011bpodobn\u011b jedn\u00edm z nejv\u00edce nabit\u00fdch za posledn\u00edch n\u011bkolik","og_url":"https:\/\/www.simpleplan.cz\/cz\/index.php\/simple-plan-se-zucastnili-sveho-prvniho-dne-juno-weeku-a-obdrzeli-humanitarni-oceneni\/","og_site_name":"CZ: SimplePlan.cz","article_publisher":"http:\/\/www.facebook.com\/simpleplancz","article_published_time":"2012-04-01T08:08:29+00:00","article_modified_time":"2023-06-26T07:02:46+00:00","og_image":[{"url":"http:\/\/www.simpleplan.cz\/gal\/2528.gif"}],"author":"Dominika","twitter_card":"summary_large_image","twitter_creator":"@simpleplancz","twitter_site":"@simpleplancz","twitter_misc":{"Napsal(a)":"Dominika","Odhadovan\u00e1 doba \u010dten\u00ed":"2 minuty"},"schema":{"@context":"https:\/\/schema.org","@graph":[{"@type":"Article","@id":"https:\/\/www.simpleplan.cz\/cz\/index.php\/simple-plan-se-zucastnili-sveho-prvniho-dne-juno-weeku-a-obdrzeli-humanitarni-oceneni\/#article","isPartOf":{"@id":"https:\/\/www.simpleplan.cz\/cz\/index.php\/simple-plan-se-zucastnili-sveho-prvniho-dne-juno-weeku-a-obdrzeli-humanitarni-oceneni\/"},"author":{"name":"Dominika","@id":"https:\/\/www.simpleplan.cz\/cz\/#\/schema\/person\/bb90dd25f4baab7793fc73ab0b783730"},"headline":"Simple Plan se z\u00fa\u010dastnili sv\u00e9ho prvn\u00edho dne Juno Weeku a obdr\u017eeli humanit\u00e1rn\u00ed ocen\u011bn\u00ed","datePublished":"2012-04-01T08:08:29+00:00","dateModified":"2023-06-26T07:02:46+00:00","mainEntityOfPage":{"@id":"https:\/\/www.simpleplan.cz\/cz\/index.php\/simple-plan-se-zucastnili-sveho-prvniho-dne-juno-weeku-a-obdrzeli-humanitarni-oceneni\/"},"wordCount":365,"commentCount":0,"publisher":{"@id":"https:\/\/www.simpleplan.cz\/cz\/#organization"},"keywords":["Allan Waters Humanitarian Award","autogrami\u00e1da","Celebrity Lounge","charitativn\u00ed \u010dinnost","Juno Awards","Juno Fan Fare","Juno Week"],"articleSection":["fotky","Simple Plan Foundation"],"inLanguage":"cs","potentialAction":[{"@type":"CommentAction","name":"Comment","target":["https:\/\/www.simpleplan.cz\/cz\/index.php\/simple-plan-se-zucastnili-sveho-prvniho-dne-juno-weeku-a-obdrzeli-humanitarni-oceneni\/#respond"]}]},{"@type":"WebPage","@id":"https:\/\/www.simpleplan.cz\/cz\/index.php\/simple-plan-se-zucastnili-sveho-prvniho-dne-juno-weeku-a-obdrzeli-humanitarni-oceneni\/","url":"https:\/\/www.simpleplan.cz\/cz\/index.php\/simple-plan-se-zucastnili-sveho-prvniho-dne-juno-weeku-a-obdrzeli-humanitarni-oceneni\/","name":"Simple Plan se z\u00fa\u010dastnili sv\u00e9ho prvn\u00edho dne Juno Weeku a obdr\u017eeli humanit\u00e1rn\u00ed ocen\u011bn\u00ed | CZ: SimplePlan.cz","isPartOf":{"@id":"https:\/\/www.simpleplan.cz\/cz\/#website"},"datePublished":"2012-04-01T08:08:29+00:00","dateModified":"2023-06-26T07:02:46+00:00","breadcrumb":{"@id":"https:\/\/www.simpleplan.cz\/cz\/index.php\/simple-plan-se-zucastnili-sveho-prvniho-dne-juno-weeku-a-obdrzeli-humanitarni-oceneni\/#breadcrumb"},"inLanguage":"cs","potentialAction":[{"@type":"ReadAction","target":["https:\/\/www.simpleplan.cz\/cz\/index.php\/simple-plan-se-zucastnili-sveho-prvniho-dne-juno-weeku-a-obdrzeli-humanitarni-oceneni\/"]}]},{"@type":"BreadcrumbList","@id":"https:\/\/www.simpleplan.cz\/cz\/index.php\/simple-plan-se-zucastnili-sveho-prvniho-dne-juno-weeku-a-obdrzeli-humanitarni-oceneni\/#breadcrumb","itemListElement":[{"@type":"ListItem","position":1,"name":"Dom\u016f","item":"https:\/\/www.simpleplan.cz\/cz\/"},{"@type":"ListItem","position":2,"name":"fotky","item":"https:\/\/www.simpleplan.cz\/cz\/index.php\/category\/fotky\/"},{"@type":"ListItem","position":3,"name":"Simple Plan se z\u00fa\u010dastnili sv\u00e9ho prvn\u00edho dne Juno Weeku a obdr\u017eeli humanit\u00e1rn\u00ed ocen\u011bn\u00ed"}]},{"@type":"WebSite","@id":"https:\/\/www.simpleplan.cz\/cz\/#website","url":"https:\/\/www.simpleplan.cz\/cz\/","name":"CZ: SimplePlan.cz","description":"Nejlep\u0161\u00ed zdroj informac\u00ed o kapele Simple Plan","publisher":{"@id":"https:\/\/www.simpleplan.cz\/cz\/#organization"},"potentialAction":[{"@type":"SearchAction","target":{"@type":"EntryPoint","urlTemplate":"https:\/\/www.simpleplan.cz\/cz\/?s={search_term_string}"},"query-input":"required name=search_term_string"}],"inLanguage":"cs"},{"@type":"Organization","@id":"https:\/\/www.simpleplan.cz\/cz\/#organization","name":"CZ: SimplePlan.cz","url":"https:\/\/www.simpleplan.cz\/cz\/","logo":{"@type":"ImageObject","inLanguage":"cs","@id":"https:\/\/www.simpleplan.cz\/cz\/#\/schema\/logo\/image\/","url":"https:\/\/www.simpleplan.cz\/cz\/wp-content\/uploads\/spczlogo.png","contentUrl":"https:\/\/www.simpleplan.cz\/cz\/wp-content\/uploads\/spczlogo.png","width":250,"height":190,"caption":"CZ: SimplePlan.cz"},"image":{"@id":"https:\/\/www.simpleplan.cz\/cz\/#\/schema\/logo\/image\/"},"sameAs":["http:\/\/www.facebook.com\/simpleplancz","https:\/\/twitter.com\/simpleplancz","http:\/\/www.instagram.com\/simpleplancz","http:\/\/www.youtube.com\/simpleplancz"]},{"@type":"Person","@id":"https:\/\/www.simpleplan.cz\/cz\/#\/schema\/person\/bb90dd25f4baab7793fc73ab0b783730","name":"Dominika","image":{"@type":"ImageObject","inLanguage":"cs","@id":"https:\/\/www.simpleplan.cz\/cz\/#\/schema\/person\/image\/","url":"https:\/\/secure.gravatar.com\/avatar\/de55cb16a8578d56e96c89d1a0af3db5?s=96&d=mm&r=g","contentUrl":"https:\/\/secure.gravatar.com\/avatar\/de55cb16a8578d56e96c89d1a0af3db5?s=96&d=mm&r=g","caption":"Dominika"},"sameAs":["http:\/\/www.simpleplan.cz"],"url":"https:\/\/www.simpleplan.cz\/cz\/index.php\/author\/admin-2\/"}]}},"featured_image_urls":{"full":"","thumbnail":"","medium":"","medium_large":"","large":"","1536x1536":"","2048x2048":"","elegant-magazine-featured":"","elegant-magazine-medium":"","elegant-magazine-medium-small":"","elegant-magazine-thumbnail-small":""},"author_info":{"display_name":"Dominika","author_link":"https:\/\/www.simpleplan.cz\/cz\/index.php\/author\/admin-2\/"},"category_info":"<a href=\"https:\/\/www.simpleplan.cz\/cz\/index.php\/category\/fotky\/\" rel=\"category tag\">fotky<\/a> <a href=\"https:\/\/www.simpleplan.cz\/cz\/index.php\/category\/simple-plan-foundation\/\" rel=\"category tag\">Simple Plan Foundation<\/a>","tag_info":"Simple Plan Foundation","comment_count":"0","_links":{"self":[{"href":"https:\/\/www.simpleplan.cz\/cz\/index.php\/wp-json\/wp\/v2\/posts\/9725"}],"collection":[{"href":"https:\/\/www.simpleplan.cz\/cz\/index.php\/wp-json\/wp\/v2\/posts"}],"about":[{"href":"https:\/\/www.simpleplan.cz\/cz\/index.php\/wp-json\/wp\/v2\/types\/post"}],"author":[{"embeddable":true,"href":"https:\/\/www.simpleplan.cz\/cz\/index.php\/wp-json\/wp\/v2\/users\/5"}],"replies":[{"embeddable":true,"href":"https:\/\/www.simpleplan.cz\/cz\/index.php\/wp-json\/wp\/v2\/comments?post=9725"}],"version-history":[{"count":6,"href":"https:\/\/www.simpleplan.cz\/cz\/index.php\/wp-json\/wp\/v2\/posts\/9725\/revisions"}],"predecessor-version":[{"id":32274,"href":"https:\/\/www.simpleplan.cz\/cz\/index.php\/wp-json\/wp\/v2\/posts\/9725\/revisions\/32274"}],"wp:attachment":[{"href":"https:\/\/www.simpleplan.cz\/cz\/index.php\/wp-json\/wp\/v2\/media?parent=9725"}],"wp:term":[{"taxonomy":"category","embeddable":true,"href":"https:\/\/www.simpleplan.cz\/cz\/index.php\/wp-json\/wp\/v2\/categories?post=9725"},{"taxonomy":"post_tag","embeddable":true,"href":"https:\/\/www.simpleplan.cz\/cz\/index.php\/wp-json\/wp\/v2\/tags?post=9725"}],"curies":[{"name":"wp","href":"https:\/\/api.w.org\/{rel}","templated":true}]}}