{"id":9732,"date":"2012-04-01T15:57:53","date_gmt":"2012-04-01T13:57:53","guid":{"rendered":"http:\/\/www.simpleplan.cz\/cz\/?p=9732"},"modified":"2023-06-26T09:02:46","modified_gmt":"2023-06-26T07:02:46","slug":"projev-simple-plan-pri-prevzeti-humanitarniho-oceneni-allana-waterse","status":"publish","type":"post","link":"https:\/\/www.simpleplan.cz\/cz\/index.php\/projev-simple-plan-pri-prevzeti-humanitarniho-oceneni-allana-waterse\/","title":{"rendered":"Projev Simple Plan p\u0159i p\u0159evzet\u00ed humanit\u00e1rn\u00edho ocen\u011bn\u00ed Allana Waterse"},"content":{"rendered":"<p>Velk\u00e9 d\u00edky pat\u0159\u00ed m\u00fdm koleg\u016fm ze <a href=\"http:\/\/www.simpleplanbrazil.com\">SPB.com<\/a> za nalezen\u00ed <b>videoz\u00e1znamu, dokumentuj\u00edc\u00ed projev \u010dlen\u016f Simple Plan na Juno Gala Dinner ze v\u010derej\u0161\u00edho ve\u010dera,<\/b> kde p\u0159evzali ocen\u011bn\u00ed za sv\u00e9 dlouhodob\u00e9 charitativn\u00ed snahy a pr\u00e1ci se Simple Plan Foundation.<\/p>\n<p>Po jejich projevu video pokra\u010duje kr\u00e1tk\u00fdm rozhovorem s Jeffem Stinco, ve kter\u00e9m se hovo\u0159\u00ed o z\u00edskan\u00e9m ocen\u011bn\u00ed, o participaci kapely v r\u00e1mci jejich nadace a Jeff tak\u00e9 zmi\u0148uje dne\u0161n\u00ed speci\u00e1ln\u00ed <b>vystoupen\u00ed Simple Plan na z\u00e1v\u011br p\u0159ed\u00e1v\u00e1n\u00ed ocen\u011bn\u00ed Juno Awards, kde vystoup\u00ed s K&#8217;Naanem<\/b> &#8211; <b>podle v\u0161eho si kluci pro div\u00e1ky dnes ve\u010der p\u0159ipravili je\u0161t\u011b jedno p\u0159ekvapen\u00ed<\/b>, kter\u00e9 Jeff nazna\u010dil jenom slovy, \u017ee <b><i>&#8222;s na\u0161\u00edm [dne\u0161n\u00edm] vystoupen\u00edm se Summer Paradise p\u0159ijde l\u00e9to&#8220;.<\/i><\/b> <\/p>\n<p>Ur\u010dit\u011b se b\u011bhem dne\u0161ka je\u0161t\u011b n\u011bkolikr\u00e1t vra\u0165te do <a href=\"http:\/\/simpleplan.cz\/gallery\/thumbnails.php?album=1356\" target=\"_blank\" rel=\"noopener\">galerie<\/a>, kterou pr\u016fb\u011b\u017en\u011b updatuji s nov\u00fdmi sn\u00edmky ze v\u010derej\u0161\u00edho dne z Juno Gala Dinner a n\u00ed\u017ee si u\u017e kliknut\u00edm na obr\u00e1zek m\u016f\u017eete vychutnat projev \u010dlen\u016f Simple Plan a zm\u00edn\u011bn\u00fd rozhovor s Jeffem:<\/p>\n<p><center><a href=\"http:\/\/video.ca.msn.com\/watch\/video\/junos-backstage-simple-plan\/18k0j6q6a\" target=\"_blank\" rel=\"noopener\"><img decoding=\"async\" src=\"http:\/\/www.simpleplan.cz\/gal\/2572.gif\"><\/a><\/center><\/p>\n<div class=\"fblikebutton_button\" style=\"float: left; padding-top: 20px; margin-right: 20px; padding-bottom: 20px; padding-left: 20px;\"><iframe src=\"http:\/\/www.facebook.com\/plugins\/like.php?href=https%3A%2F%2Fwww.simpleplan.cz%2Fcz%2Findex.php%2Fprojev-simple-plan-pri-prevzeti-humanitarniho-oceneni-allana-waterse%2F&amp;layout=standard&amp;show-faces=false&amp;width=450&amp;action=like&amp;colorscheme=light\" scrolling=\"no\" frameborder=\"0\" allowTransparency=\"true\" style=\"border:none; overflow:hidden; width:450px; height:26px\"><\/iframe><\/div>\n","protected":false},"excerpt":{"rendered":"<p>Velk\u00e9 d\u00edky pat\u0159\u00ed m\u00fdm koleg\u016fm ze SPB.com za nalezen\u00ed videoz\u00e1znamu, dokumentuj\u00edc\u00ed projev \u010dlen\u016f Simple Plan<\/p>\n","protected":false},"author":5,"featured_media":0,"comment_status":"open","ping_status":"open","sticky":false,"template":"","format":"standard","meta":{"footnotes":"","fifu_image_url":"","fifu_image_alt":""},"categories":[4,25,10],"tags":[773,354,844,125,847,846,845,446],"yoast_head":"<!-- This site is optimized with the Yoast SEO plugin v20.9 - https:\/\/yoast.com\/wordpress\/plugins\/seo\/ -->\n<title>Projev Simple Plan p\u0159i p\u0159evzet\u00ed humanit\u00e1rn\u00edho ocen\u011bn\u00ed Allana Waterse | CZ: SimplePlan.cz<\/title>\n<meta name=\"robots\" content=\"index, follow, max-snippet:-1, max-image-preview:large, max-video-preview:-1\" \/>\n<link rel=\"canonical\" href=\"https:\/\/www.simpleplan.cz\/cz\/index.php\/projev-simple-plan-pri-prevzeti-humanitarniho-oceneni-allana-waterse\/\" \/>\n<meta property=\"og:locale\" content=\"cs_CZ\" \/>\n<meta property=\"og:type\" content=\"article\" \/>\n<meta property=\"og:title\" content=\"Projev Simple Plan p\u0159i p\u0159evzet\u00ed humanit\u00e1rn\u00edho ocen\u011bn\u00ed Allana Waterse | CZ: SimplePlan.cz\" \/>\n<meta property=\"og:description\" content=\"Velk\u00e9 d\u00edky pat\u0159\u00ed m\u00fdm koleg\u016fm ze SPB.com za nalezen\u00ed videoz\u00e1znamu, dokumentuj\u00edc\u00ed projev \u010dlen\u016f Simple Plan\" \/>\n<meta property=\"og:url\" content=\"https:\/\/www.simpleplan.cz\/cz\/index.php\/projev-simple-plan-pri-prevzeti-humanitarniho-oceneni-allana-waterse\/\" \/>\n<meta property=\"og:site_name\" content=\"CZ: SimplePlan.cz\" \/>\n<meta property=\"article:publisher\" content=\"http:\/\/www.facebook.com\/simpleplancz\" \/>\n<meta property=\"article:published_time\" content=\"2012-04-01T13:57:53+00:00\" \/>\n<meta property=\"article:modified_time\" content=\"2023-06-26T07:02:46+00:00\" \/>\n<meta property=\"og:image\" content=\"http:\/\/www.simpleplan.cz\/gal\/2572.gif\" \/>\n<meta name=\"author\" content=\"Dominika\" \/>\n<meta name=\"twitter:card\" content=\"summary_large_image\" \/>\n<meta name=\"twitter:creator\" content=\"@simpleplancz\" \/>\n<meta name=\"twitter:site\" content=\"@simpleplancz\" \/>\n<meta name=\"twitter:label1\" content=\"Napsal(a)\" \/>\n\t<meta name=\"twitter:data1\" content=\"Dominika\" \/>\n\t<meta name=\"twitter:label2\" content=\"Odhadovan\u00e1 doba \u010dten\u00ed\" \/>\n\t<meta name=\"twitter:data2\" content=\"1 minuta\" \/>\n<script type=\"application\/ld+json\" class=\"yoast-schema-graph\">{\"@context\":\"https:\/\/schema.org\",\"@graph\":[{\"@type\":\"Article\",\"@id\":\"https:\/\/www.simpleplan.cz\/cz\/index.php\/projev-simple-plan-pri-prevzeti-humanitarniho-oceneni-allana-waterse\/#article\",\"isPartOf\":{\"@id\":\"https:\/\/www.simpleplan.cz\/cz\/index.php\/projev-simple-plan-pri-prevzeti-humanitarniho-oceneni-allana-waterse\/\"},\"author\":{\"name\":\"Dominika\",\"@id\":\"https:\/\/www.simpleplan.cz\/cz\/#\/schema\/person\/bb90dd25f4baab7793fc73ab0b783730\"},\"headline\":\"Projev Simple Plan p\u0159i p\u0159evzet\u00ed humanit\u00e1rn\u00edho ocen\u011bn\u00ed Allana Waterse\",\"datePublished\":\"2012-04-01T13:57:53+00:00\",\"dateModified\":\"2023-06-26T07:02:46+00:00\",\"mainEntityOfPage\":{\"@id\":\"https:\/\/www.simpleplan.cz\/cz\/index.php\/projev-simple-plan-pri-prevzeti-humanitarniho-oceneni-allana-waterse\/\"},\"wordCount\":223,\"commentCount\":0,\"publisher\":{\"@id\":\"https:\/\/www.simpleplan.cz\/cz\/#organization\"},\"keywords\":[\"Allan Waters Humanitarian Award\",\"Juno Awards\",\"Juno Gala Dinner\",\"K'Naan\",\"p\u0159ekvapen\u00ed\",\"projev\",\"proslov\",\"Summer Paradise\"],\"articleSection\":[\"Jeff\",\"Simple Plan Foundation\",\"videa\"],\"inLanguage\":\"cs\",\"potentialAction\":[{\"@type\":\"CommentAction\",\"name\":\"Comment\",\"target\":[\"https:\/\/www.simpleplan.cz\/cz\/index.php\/projev-simple-plan-pri-prevzeti-humanitarniho-oceneni-allana-waterse\/#respond\"]}]},{\"@type\":\"WebPage\",\"@id\":\"https:\/\/www.simpleplan.cz\/cz\/index.php\/projev-simple-plan-pri-prevzeti-humanitarniho-oceneni-allana-waterse\/\",\"url\":\"https:\/\/www.simpleplan.cz\/cz\/index.php\/projev-simple-plan-pri-prevzeti-humanitarniho-oceneni-allana-waterse\/\",\"name\":\"Projev Simple Plan p\u0159i p\u0159evzet\u00ed humanit\u00e1rn\u00edho ocen\u011bn\u00ed Allana Waterse | CZ: SimplePlan.cz\",\"isPartOf\":{\"@id\":\"https:\/\/www.simpleplan.cz\/cz\/#website\"},\"datePublished\":\"2012-04-01T13:57:53+00:00\",\"dateModified\":\"2023-06-26T07:02:46+00:00\",\"breadcrumb\":{\"@id\":\"https:\/\/www.simpleplan.cz\/cz\/index.php\/projev-simple-plan-pri-prevzeti-humanitarniho-oceneni-allana-waterse\/#breadcrumb\"},\"inLanguage\":\"cs\",\"potentialAction\":[{\"@type\":\"ReadAction\",\"target\":[\"https:\/\/www.simpleplan.cz\/cz\/index.php\/projev-simple-plan-pri-prevzeti-humanitarniho-oceneni-allana-waterse\/\"]}]},{\"@type\":\"BreadcrumbList\",\"@id\":\"https:\/\/www.simpleplan.cz\/cz\/index.php\/projev-simple-plan-pri-prevzeti-humanitarniho-oceneni-allana-waterse\/#breadcrumb\",\"itemListElement\":[{\"@type\":\"ListItem\",\"position\":1,\"name\":\"Dom\u016f\",\"item\":\"https:\/\/www.simpleplan.cz\/cz\/\"},{\"@type\":\"ListItem\",\"position\":2,\"name\":\"Jeff\",\"item\":\"https:\/\/www.simpleplan.cz\/cz\/index.php\/category\/jeff\/\"},{\"@type\":\"ListItem\",\"position\":3,\"name\":\"Projev Simple Plan p\u0159i p\u0159evzet\u00ed humanit\u00e1rn\u00edho ocen\u011bn\u00ed Allana Waterse\"}]},{\"@type\":\"WebSite\",\"@id\":\"https:\/\/www.simpleplan.cz\/cz\/#website\",\"url\":\"https:\/\/www.simpleplan.cz\/cz\/\",\"name\":\"CZ: SimplePlan.cz\",\"description\":\"Nejlep\u0161\u00ed zdroj informac\u00ed o kapele Simple Plan\",\"publisher\":{\"@id\":\"https:\/\/www.simpleplan.cz\/cz\/#organization\"},\"potentialAction\":[{\"@type\":\"SearchAction\",\"target\":{\"@type\":\"EntryPoint\",\"urlTemplate\":\"https:\/\/www.simpleplan.cz\/cz\/?s={search_term_string}\"},\"query-input\":\"required name=search_term_string\"}],\"inLanguage\":\"cs\"},{\"@type\":\"Organization\",\"@id\":\"https:\/\/www.simpleplan.cz\/cz\/#organization\",\"name\":\"CZ: SimplePlan.cz\",\"url\":\"https:\/\/www.simpleplan.cz\/cz\/\",\"logo\":{\"@type\":\"ImageObject\",\"inLanguage\":\"cs\",\"@id\":\"https:\/\/www.simpleplan.cz\/cz\/#\/schema\/logo\/image\/\",\"url\":\"https:\/\/www.simpleplan.cz\/cz\/wp-content\/uploads\/spczlogo.png\",\"contentUrl\":\"https:\/\/www.simpleplan.cz\/cz\/wp-content\/uploads\/spczlogo.png\",\"width\":250,\"height\":190,\"caption\":\"CZ: SimplePlan.cz\"},\"image\":{\"@id\":\"https:\/\/www.simpleplan.cz\/cz\/#\/schema\/logo\/image\/\"},\"sameAs\":[\"http:\/\/www.facebook.com\/simpleplancz\",\"https:\/\/twitter.com\/simpleplancz\",\"http:\/\/www.instagram.com\/simpleplancz\",\"http:\/\/www.youtube.com\/simpleplancz\"]},{\"@type\":\"Person\",\"@id\":\"https:\/\/www.simpleplan.cz\/cz\/#\/schema\/person\/bb90dd25f4baab7793fc73ab0b783730\",\"name\":\"Dominika\",\"image\":{\"@type\":\"ImageObject\",\"inLanguage\":\"cs\",\"@id\":\"https:\/\/www.simpleplan.cz\/cz\/#\/schema\/person\/image\/\",\"url\":\"https:\/\/secure.gravatar.com\/avatar\/de55cb16a8578d56e96c89d1a0af3db5?s=96&d=mm&r=g\",\"contentUrl\":\"https:\/\/secure.gravatar.com\/avatar\/de55cb16a8578d56e96c89d1a0af3db5?s=96&d=mm&r=g\",\"caption\":\"Dominika\"},\"sameAs\":[\"http:\/\/www.simpleplan.cz\"],\"url\":\"https:\/\/www.simpleplan.cz\/cz\/index.php\/author\/admin-2\/\"}]}<\/script>\n<!-- \/ Yoast SEO plugin. -->","yoast_head_json":{"title":"Projev Simple Plan p\u0159i p\u0159evzet\u00ed humanit\u00e1rn\u00edho ocen\u011bn\u00ed Allana Waterse | CZ: SimplePlan.cz","robots":{"index":"index","follow":"follow","max-snippet":"max-snippet:-1","max-image-preview":"max-image-preview:large","max-video-preview":"max-video-preview:-1"},"canonical":"https:\/\/www.simpleplan.cz\/cz\/index.php\/projev-simple-plan-pri-prevzeti-humanitarniho-oceneni-allana-waterse\/","og_locale":"cs_CZ","og_type":"article","og_title":"Projev Simple Plan p\u0159i p\u0159evzet\u00ed humanit\u00e1rn\u00edho ocen\u011bn\u00ed Allana Waterse | CZ: SimplePlan.cz","og_description":"Velk\u00e9 d\u00edky pat\u0159\u00ed m\u00fdm koleg\u016fm ze SPB.com za nalezen\u00ed videoz\u00e1znamu, dokumentuj\u00edc\u00ed projev \u010dlen\u016f Simple Plan","og_url":"https:\/\/www.simpleplan.cz\/cz\/index.php\/projev-simple-plan-pri-prevzeti-humanitarniho-oceneni-allana-waterse\/","og_site_name":"CZ: SimplePlan.cz","article_publisher":"http:\/\/www.facebook.com\/simpleplancz","article_published_time":"2012-04-01T13:57:53+00:00","article_modified_time":"2023-06-26T07:02:46+00:00","og_image":[{"url":"http:\/\/www.simpleplan.cz\/gal\/2572.gif"}],"author":"Dominika","twitter_card":"summary_large_image","twitter_creator":"@simpleplancz","twitter_site":"@simpleplancz","twitter_misc":{"Napsal(a)":"Dominika","Odhadovan\u00e1 doba \u010dten\u00ed":"1 minuta"},"schema":{"@context":"https:\/\/schema.org","@graph":[{"@type":"Article","@id":"https:\/\/www.simpleplan.cz\/cz\/index.php\/projev-simple-plan-pri-prevzeti-humanitarniho-oceneni-allana-waterse\/#article","isPartOf":{"@id":"https:\/\/www.simpleplan.cz\/cz\/index.php\/projev-simple-plan-pri-prevzeti-humanitarniho-oceneni-allana-waterse\/"},"author":{"name":"Dominika","@id":"https:\/\/www.simpleplan.cz\/cz\/#\/schema\/person\/bb90dd25f4baab7793fc73ab0b783730"},"headline":"Projev Simple Plan p\u0159i p\u0159evzet\u00ed humanit\u00e1rn\u00edho ocen\u011bn\u00ed Allana Waterse","datePublished":"2012-04-01T13:57:53+00:00","dateModified":"2023-06-26T07:02:46+00:00","mainEntityOfPage":{"@id":"https:\/\/www.simpleplan.cz\/cz\/index.php\/projev-simple-plan-pri-prevzeti-humanitarniho-oceneni-allana-waterse\/"},"wordCount":223,"commentCount":0,"publisher":{"@id":"https:\/\/www.simpleplan.cz\/cz\/#organization"},"keywords":["Allan Waters Humanitarian Award","Juno Awards","Juno Gala Dinner","K'Naan","p\u0159ekvapen\u00ed","projev","proslov","Summer Paradise"],"articleSection":["Jeff","Simple Plan Foundation","videa"],"inLanguage":"cs","potentialAction":[{"@type":"CommentAction","name":"Comment","target":["https:\/\/www.simpleplan.cz\/cz\/index.php\/projev-simple-plan-pri-prevzeti-humanitarniho-oceneni-allana-waterse\/#respond"]}]},{"@type":"WebPage","@id":"https:\/\/www.simpleplan.cz\/cz\/index.php\/projev-simple-plan-pri-prevzeti-humanitarniho-oceneni-allana-waterse\/","url":"https:\/\/www.simpleplan.cz\/cz\/index.php\/projev-simple-plan-pri-prevzeti-humanitarniho-oceneni-allana-waterse\/","name":"Projev Simple Plan p\u0159i p\u0159evzet\u00ed humanit\u00e1rn\u00edho ocen\u011bn\u00ed Allana Waterse | CZ: SimplePlan.cz","isPartOf":{"@id":"https:\/\/www.simpleplan.cz\/cz\/#website"},"datePublished":"2012-04-01T13:57:53+00:00","dateModified":"2023-06-26T07:02:46+00:00","breadcrumb":{"@id":"https:\/\/www.simpleplan.cz\/cz\/index.php\/projev-simple-plan-pri-prevzeti-humanitarniho-oceneni-allana-waterse\/#breadcrumb"},"inLanguage":"cs","potentialAction":[{"@type":"ReadAction","target":["https:\/\/www.simpleplan.cz\/cz\/index.php\/projev-simple-plan-pri-prevzeti-humanitarniho-oceneni-allana-waterse\/"]}]},{"@type":"BreadcrumbList","@id":"https:\/\/www.simpleplan.cz\/cz\/index.php\/projev-simple-plan-pri-prevzeti-humanitarniho-oceneni-allana-waterse\/#breadcrumb","itemListElement":[{"@type":"ListItem","position":1,"name":"Dom\u016f","item":"https:\/\/www.simpleplan.cz\/cz\/"},{"@type":"ListItem","position":2,"name":"Jeff","item":"https:\/\/www.simpleplan.cz\/cz\/index.php\/category\/jeff\/"},{"@type":"ListItem","position":3,"name":"Projev Simple Plan p\u0159i p\u0159evzet\u00ed humanit\u00e1rn\u00edho ocen\u011bn\u00ed Allana Waterse"}]},{"@type":"WebSite","@id":"https:\/\/www.simpleplan.cz\/cz\/#website","url":"https:\/\/www.simpleplan.cz\/cz\/","name":"CZ: SimplePlan.cz","description":"Nejlep\u0161\u00ed zdroj informac\u00ed o kapele Simple Plan","publisher":{"@id":"https:\/\/www.simpleplan.cz\/cz\/#organization"},"potentialAction":[{"@type":"SearchAction","target":{"@type":"EntryPoint","urlTemplate":"https:\/\/www.simpleplan.cz\/cz\/?s={search_term_string}"},"query-input":"required name=search_term_string"}],"inLanguage":"cs"},{"@type":"Organization","@id":"https:\/\/www.simpleplan.cz\/cz\/#organization","name":"CZ: SimplePlan.cz","url":"https:\/\/www.simpleplan.cz\/cz\/","logo":{"@type":"ImageObject","inLanguage":"cs","@id":"https:\/\/www.simpleplan.cz\/cz\/#\/schema\/logo\/image\/","url":"https:\/\/www.simpleplan.cz\/cz\/wp-content\/uploads\/spczlogo.png","contentUrl":"https:\/\/www.simpleplan.cz\/cz\/wp-content\/uploads\/spczlogo.png","width":250,"height":190,"caption":"CZ: SimplePlan.cz"},"image":{"@id":"https:\/\/www.simpleplan.cz\/cz\/#\/schema\/logo\/image\/"},"sameAs":["http:\/\/www.facebook.com\/simpleplancz","https:\/\/twitter.com\/simpleplancz","http:\/\/www.instagram.com\/simpleplancz","http:\/\/www.youtube.com\/simpleplancz"]},{"@type":"Person","@id":"https:\/\/www.simpleplan.cz\/cz\/#\/schema\/person\/bb90dd25f4baab7793fc73ab0b783730","name":"Dominika","image":{"@type":"ImageObject","inLanguage":"cs","@id":"https:\/\/www.simpleplan.cz\/cz\/#\/schema\/person\/image\/","url":"https:\/\/secure.gravatar.com\/avatar\/de55cb16a8578d56e96c89d1a0af3db5?s=96&d=mm&r=g","contentUrl":"https:\/\/secure.gravatar.com\/avatar\/de55cb16a8578d56e96c89d1a0af3db5?s=96&d=mm&r=g","caption":"Dominika"},"sameAs":["http:\/\/www.simpleplan.cz"],"url":"https:\/\/www.simpleplan.cz\/cz\/index.php\/author\/admin-2\/"}]}},"featured_image_urls":{"full":"","thumbnail":"","medium":"","medium_large":"","large":"","1536x1536":"","2048x2048":"","elegant-magazine-featured":"","elegant-magazine-medium":"","elegant-magazine-medium-small":"","elegant-magazine-thumbnail-small":""},"author_info":{"display_name":"Dominika","author_link":"https:\/\/www.simpleplan.cz\/cz\/index.php\/author\/admin-2\/"},"category_info":"<a href=\"https:\/\/www.simpleplan.cz\/cz\/index.php\/category\/jeff\/\" rel=\"category tag\">Jeff<\/a> <a href=\"https:\/\/www.simpleplan.cz\/cz\/index.php\/category\/simple-plan-foundation\/\" rel=\"category tag\">Simple Plan Foundation<\/a> <a href=\"https:\/\/www.simpleplan.cz\/cz\/index.php\/category\/videa\/\" rel=\"category tag\">videa<\/a>","tag_info":"videa","comment_count":"0","_links":{"self":[{"href":"https:\/\/www.simpleplan.cz\/cz\/index.php\/wp-json\/wp\/v2\/posts\/9732"}],"collection":[{"href":"https:\/\/www.simpleplan.cz\/cz\/index.php\/wp-json\/wp\/v2\/posts"}],"about":[{"href":"https:\/\/www.simpleplan.cz\/cz\/index.php\/wp-json\/wp\/v2\/types\/post"}],"author":[{"embeddable":true,"href":"https:\/\/www.simpleplan.cz\/cz\/index.php\/wp-json\/wp\/v2\/users\/5"}],"replies":[{"embeddable":true,"href":"https:\/\/www.simpleplan.cz\/cz\/index.php\/wp-json\/wp\/v2\/comments?post=9732"}],"version-history":[{"count":2,"href":"https:\/\/www.simpleplan.cz\/cz\/index.php\/wp-json\/wp\/v2\/posts\/9732\/revisions"}],"predecessor-version":[{"id":32273,"href":"https:\/\/www.simpleplan.cz\/cz\/index.php\/wp-json\/wp\/v2\/posts\/9732\/revisions\/32273"}],"wp:attachment":[{"href":"https:\/\/www.simpleplan.cz\/cz\/index.php\/wp-json\/wp\/v2\/media?parent=9732"}],"wp:term":[{"taxonomy":"category","embeddable":true,"href":"https:\/\/www.simpleplan.cz\/cz\/index.php\/wp-json\/wp\/v2\/categories?post=9732"},{"taxonomy":"post_tag","embeddable":true,"href":"https:\/\/www.simpleplan.cz\/cz\/index.php\/wp-json\/wp\/v2\/tags?post=9732"}],"curies":[{"name":"wp","href":"https:\/\/api.w.org\/{rel}","templated":true}]}}